{"id":9688,"date":"2026-04-29T11:55:50","date_gmt":"2026-04-29T15:55:50","guid":{"rendered":"https:\/\/www.marcsamsonartist.com\/?p=9688"},"modified":"2026-04-29T11:55:52","modified_gmt":"2026-04-29T15:55:52","slug":"memoires-en-fleurs","status":"publish","type":"post","link":"https:\/\/www.marcsamsonartist.com\/fr\/memoires-en-fleurs\/","title":{"rendered":"M\u00e9moires en fleurs"},"content":{"rendered":"\n<figure class=\"wp-block-image size-large\"><a href=\"https:\/\/www.marcsamsonartist.com\/wp-content\/uploads\/2026\/04\/Memoires-en-Fleurs.png\"><img loading=\"lazy\" width=\"674\" height=\"1024\" src=\"https:\/\/www.marcsamsonartist.com\/wp-content\/uploads\/2026\/04\/Memoires-en-Fleurs-674x1024.png\" alt=\"\" class=\"wp-image-9686\" srcset=\"https:\/\/www.marcsamsonartist.com\/wp-content\/uploads\/2026\/04\/Memoires-en-Fleurs-674x1024.png 674w, https:\/\/www.marcsamsonartist.com\/wp-content\/uploads\/2026\/04\/Memoires-en-Fleurs-198x300.png 198w, https:\/\/www.marcsamsonartist.com\/wp-content\/uploads\/2026\/04\/Memoires-en-Fleurs-768x1166.png 768w, https:\/\/www.marcsamsonartist.com\/wp-content\/uploads\/2026\/04\/Memoires-en-Fleurs-1012x1536.png 1012w, https:\/\/www.marcsamsonartist.com\/wp-content\/uploads\/2026\/04\/Memoires-en-Fleurs-1349x2048.png 1349w\" sizes=\"(max-width: 674px) 100vw, 674px\" \/><\/a><\/figure>\n\n\n\n<p><strong>M\u00c9MOIRES EN FLEURS \u2014 24\u201d x 36\u201d<\/strong><br><em>Acrylique et techniques mixtes sur bois<\/em><\/p>\n\n\n\n<p>Ch\u00e8re Odette, bienvenue dans le club 60 et bonne f\u00eate ! Fais-toi s\u2019en pas, tout ira bien.<\/p>\n\n\n\n<p>Cette cr\u00e9ation personnalis\u00e9e c\u00e9l\u00e8bre les 60 ans d\u2019une petite dame au grand c\u0153ur. Au fil de son parcours, Odette a su semer, sur son passage, de nombreuses graines. Avec le temps, ces semences se sont transform\u00e9es en fleurs, chacune conservant un doux souvenir de son passage dans la vie de ceux et celles qui l\u2019entourent\u2026 vous tous r\u00e9unis ici ce soir.<\/p>\n\n\n\n<p>\u00c0 travers les diff\u00e9rentes couches de peinture, vous d\u00e9couvrirez plusieurs symboles repr\u00e9sentant son entourage pr\u00e9f\u00e9r\u00e9 : vous!<\/p>\n\n\n\n<p>Tout d\u2019abord, j\u2019ai appris qu\u2019Odette adore les <strong>Oiseaux du Paradis<\/strong>. Il m\u2019est alors apparu \u00e9vident que, dans cette composition, notre jubilaire serait repr\u00e9sent\u00e9e par cette fleur majestueuse. Elle contemple ainsi son propre petit paradis : vous tous, symbolis\u00e9s par des fleurs et des p\u00e9tales.<\/p>\n\n\n\n<p>Les deux fleurs situ\u00e9es juste \u00e0 c\u00f4t\u00e9 de l\u2019Oiseau du Paradis repr\u00e9sentent sa famille. On y retrouve <strong>SUPERMOM<\/strong>, en hommage \u00e0 ses deux filles ador\u00e9es, Audrey et Camille. Serge est symbolis\u00e9 par une guitare; sa filleule Juliette, par le chocolat; Frank, par une fourchette; sa cousine Nathalie, par une valise vintage. Ses s\u0153urs sont \u00e9voqu\u00e9es par une main, et ses parents par une paire de ciseaux accompagn\u00e9e d\u2019une partition musicale.<\/p>\n\n\n\n<p>Du c\u00f4t\u00e9 des amis, je vous invite d\u2019abord \u00e0 observer la <strong>rose rouge<\/strong>, \u00e0 droite de l\u2019\u0153uvre. Vous y reconna\u00eetrez le logo de l\u2019\u00e9cole <strong>Paul-VI<\/strong>, qui t\u00e9moigne de son affection pour Jacques, Suzanne, Marjo et Yves. Son amie Genevi\u00e8ve est repr\u00e9sent\u00e9e par le mot <em>Querida<\/em>, tandis que Lucie et Luc apparaissent \u00e0 travers l\u2019expression <em>Life is short<\/em>.<\/p>\n\n\n\n<p>Je vous lance aussi le d\u00e9fi de rep\u00e9rer la <strong>petite gazelle,<\/strong> qui repr\u00e9sente la gang de filles du <strong>CIBC <\/strong>lorsqu\u2019elles voyagent. Vous trouverez \u00e9galement les filles de <strong>Saint-Bruno<\/strong>, symbolis\u00e9es par le <em>FAB FOUR<\/em>, et la gang de <strong>Boucherville<\/strong> avec le logo de la ville ainsi que&nbsp; \u00ab J\u2019aime mon voisin \u00bb.&nbsp; La fleur orang\u00e9e en bas \u00e0 gauche repr\u00e9sente la gang du C\u00e9gep de Thetford. Notez \u00e9galement la pr\u00e9sence de Berthe symbolis\u00e9e par une \u00e9toile dor\u00e9e qui scintille et \u00e9claire chacun d\u2019entre vous. La gang de tennis est repr\u00e9sent\u00e9e par la fleur bleue en bas \u00e0 droite.<\/p>\n\n\n\n<p>On m\u2019a \u00e9galement dit qu\u2019Odette est une v\u00e9ritable <strong>petite boule d\u2019\u00e9nergie<\/strong>. C\u2019est pourquoi j\u2019ai int\u00e9gr\u00e9 dans l\u2019\u0153uvre des mots comme <strong>POW, BAM, FUN, WOOHOO <\/strong>et <strong>LET\u2019S PARTY. <\/strong>Vous y d\u00e9couvrirez aussi quelques clins d\u2019\u0153il aux <strong>ann\u00e9es 1970<\/strong>, une \u00e9poque qui m\u2019est ch\u00e8re puisque j\u2019en faisais moi aussi partie.<\/p>\n\n\n\n<p>Je tiens \u00e0 remercier <strong>Camille, Audrey et Nathalie<\/strong>, ainsi que vous tous, de m\u2019avoir fait confiance pour la cr\u00e9ation de cette \u0153uvre unique. intitul\u00e9e <strong>M\u00c9MOIRES EN FLEURS<\/strong>. Que celle-ci vous fasse sourire chaque fois que votre regard s\u2019y posera et qu\u2019elle vous rappellera l\u2019importance de s\u2019entourer de gens qu\u2019on aime \u2014 ces personnes qui, au fil des ann\u00e9es, fa\u00e7onnent l\u2019essence m\u00eame de ce que nous devenons.<\/p>\n\n\n\n<p>Avec vous, tout en couleurs,<br><\/p>\n\n\n\n<p><strong>SAMSON<\/strong><\/p>\n","protected":false},"excerpt":{"rendered":"<p>M\u00c9MOIRES EN FLEURS \u2014 24\u201d x 36\u201dAcrylique et techniques mixtes sur bois Ch\u00e8re Odette, bienvenue dans le club 60 et bonne f\u00eate ! Fais-toi s\u2019en pas, tout ira bien. Cette cr\u00e9ation personnalis\u00e9e c\u00e9l\u00e8bre les 60 ans d\u2019une petite dame au grand c\u0153ur. Au fil de son parcours, Odette a su semer, sur son passage, de [&hellip;]<\/p>\n","protected":false},"author":3,"featured_media":9686,"comment_status":"closed","ping_status":"open","sticky":false,"template":"","format":"standard","meta":{"ngg_post_thumbnail":0},"categories":[107,30],"tags":[],"yoast_head":"<!-- This site is optimized with the Yoast SEO plugin v18.5.1 - https:\/\/yoast.com\/wordpress\/plugins\/seo\/ -->\n<title>M\u00e9moires en fleurs | SAMSON ARTISTE<\/title>\n<meta name=\"robots\" content=\"index, follow, max-snippet:-1, max-image-preview:large, max-video-preview:-1\" \/>\n<link rel=\"canonical\" href=\"https:\/\/www.marcsamsonartist.com\/fr\/memoires-en-fleurs\/\" \/>\n<meta property=\"og:locale\" content=\"fr_FR\" \/>\n<meta property=\"og:type\" content=\"article\" \/>\n<meta property=\"og:title\" content=\"M\u00e9moires en fleurs | SAMSON ARTISTE\" \/>\n<meta property=\"og:description\" content=\"M\u00c9MOIRES EN FLEURS \u2014 24\u201d x 36\u201dAcrylique et techniques mixtes sur bois Ch\u00e8re Odette, bienvenue dans le club 60 et bonne f\u00eate ! Fais-toi s\u2019en pas, tout ira bien. Cette cr\u00e9ation personnalis\u00e9e c\u00e9l\u00e8bre les 60 ans d\u2019une petite dame au grand c\u0153ur. Au fil de son parcours, Odette a su semer, sur son passage, de [&hellip;]\" \/>\n<meta property=\"og:url\" content=\"https:\/\/www.marcsamsonartist.com\/fr\/memoires-en-fleurs\/\" \/>\n<meta property=\"og:site_name\" content=\"SAMSON ARTISTE\" \/>\n<meta property=\"article:published_time\" content=\"2026-04-29T15:55:50+00:00\" \/>\n<meta property=\"article:modified_time\" content=\"2026-04-29T15:55:52+00:00\" \/>\n<meta property=\"og:image\" content=\"https:\/\/www.marcsamsonartist.com\/wp-content\/uploads\/2026\/04\/Memoires-en-Fleurs-674x1024.png\" \/>\n\t<meta property=\"og:image:width\" content=\"674\" \/>\n\t<meta property=\"og:image:height\" content=\"1024\" \/>\n\t<meta property=\"og:image:type\" content=\"image\/png\" \/>\n<meta name=\"twitter:card\" content=\"summary\" \/>\n<meta name=\"twitter:label1\" content=\"\u00c9crit par\" \/>\n\t<meta name=\"twitter:data1\" content=\"MarcSamson\" \/>\n\t<meta name=\"twitter:label2\" content=\"Dur\u00e9e de lecture estim\u00e9e\" \/>\n\t<meta name=\"twitter:data2\" content=\"3 minutes\" \/>\n<script type=\"application\/ld+json\" class=\"yoast-schema-graph\">{\"@context\":\"https:\/\/schema.org\",\"@graph\":[{\"@type\":\"WebSite\",\"@id\":\"https:\/\/www.marcsamsonartist.com\/#website\",\"url\":\"https:\/\/www.marcsamsonartist.com\/\",\"name\":\"SAMSON ARTISTE\",\"description\":\"ARTISTE QU\u00c9BECOIS DE NORTH HATLEY\",\"potentialAction\":[{\"@type\":\"SearchAction\",\"target\":{\"@type\":\"EntryPoint\",\"urlTemplate\":\"https:\/\/www.marcsamsonartist.com\/?s={search_term_string}\"},\"query-input\":\"required name=search_term_string\"}],\"inLanguage\":\"fr-FR\"},{\"@type\":\"ImageObject\",\"@id\":\"https:\/\/www.marcsamsonartist.com\/fr\/memoires-en-fleurs\/#primaryimage\",\"inLanguage\":\"fr-FR\",\"url\":\"https:\/\/www.marcsamsonartist.com\/wp-content\/uploads\/2026\/04\/Memoires-en-Fleurs.png\",\"contentUrl\":\"https:\/\/www.marcsamsonartist.com\/wp-content\/uploads\/2026\/04\/Memoires-en-Fleurs.png\",\"width\":2835,\"height\":4304},{\"@type\":\"WebPage\",\"@id\":\"https:\/\/www.marcsamsonartist.com\/fr\/memoires-en-fleurs\/#webpage\",\"url\":\"https:\/\/www.marcsamsonartist.com\/fr\/memoires-en-fleurs\/\",\"name\":\"M\u00e9moires en fleurs | SAMSON ARTISTE\",\"isPartOf\":{\"@id\":\"https:\/\/www.marcsamsonartist.com\/#website\"},\"primaryImageOfPage\":{\"@id\":\"https:\/\/www.marcsamsonartist.com\/fr\/memoires-en-fleurs\/#primaryimage\"},\"datePublished\":\"2026-04-29T15:55:50+00:00\",\"dateModified\":\"2026-04-29T15:55:52+00:00\",\"author\":{\"@id\":\"https:\/\/www.marcsamsonartist.com\/#\/schema\/person\/08bc17a6bde7a04c5afb76e1c9bc9970\"},\"breadcrumb\":{\"@id\":\"https:\/\/www.marcsamsonartist.com\/fr\/memoires-en-fleurs\/#breadcrumb\"},\"inLanguage\":\"fr-FR\",\"potentialAction\":[{\"@type\":\"ReadAction\",\"target\":[\"https:\/\/www.marcsamsonartist.com\/fr\/memoires-en-fleurs\/\"]}]},{\"@type\":\"BreadcrumbList\",\"@id\":\"https:\/\/www.marcsamsonartist.com\/fr\/memoires-en-fleurs\/#breadcrumb\",\"itemListElement\":[{\"@type\":\"ListItem\",\"position\":1,\"name\":\"Home\",\"item\":\"https:\/\/www.marcsamsonartist.com\/fr\/\"},{\"@type\":\"ListItem\",\"position\":2,\"name\":\"M\u00e9moires en fleurs\"}]},{\"@type\":\"Person\",\"@id\":\"https:\/\/www.marcsamsonartist.com\/#\/schema\/person\/08bc17a6bde7a04c5afb76e1c9bc9970\",\"name\":\"MarcSamson\",\"image\":{\"@type\":\"ImageObject\",\"@id\":\"https:\/\/www.marcsamsonartist.com\/#personlogo\",\"inLanguage\":\"fr-FR\",\"url\":\"https:\/\/secure.gravatar.com\/avatar\/53db7482c85f4df909bb59ebd8922772?s=96&d=mm&r=g\",\"contentUrl\":\"https:\/\/secure.gravatar.com\/avatar\/53db7482c85f4df909bb59ebd8922772?s=96&d=mm&r=g\",\"caption\":\"MarcSamson\"},\"url\":\"https:\/\/www.marcsamsonartist.com\/fr\/author\/marc-samson\/\"}]}<\/script>\n<!-- \/ Yoast SEO plugin. -->","yoast_head_json":{"title":"M\u00e9moires en fleurs | SAMSON ARTISTE","robots":{"index":"index","follow":"follow","max-snippet":"max-snippet:-1","max-image-preview":"max-image-preview:large","max-video-preview":"max-video-preview:-1"},"canonical":"https:\/\/www.marcsamsonartist.com\/fr\/memoires-en-fleurs\/","og_locale":"fr_FR","og_type":"article","og_title":"M\u00e9moires en fleurs | SAMSON ARTISTE","og_description":"M\u00c9MOIRES EN FLEURS \u2014 24\u201d x 36\u201dAcrylique et techniques mixtes sur bois Ch\u00e8re Odette, bienvenue dans le club 60 et bonne f\u00eate ! Fais-toi s\u2019en pas, tout ira bien. Cette cr\u00e9ation personnalis\u00e9e c\u00e9l\u00e8bre les 60 ans d\u2019une petite dame au grand c\u0153ur. Au fil de son parcours, Odette a su semer, sur son passage, de [&hellip;]","og_url":"https:\/\/www.marcsamsonartist.com\/fr\/memoires-en-fleurs\/","og_site_name":"SAMSON ARTISTE","article_published_time":"2026-04-29T15:55:50+00:00","article_modified_time":"2026-04-29T15:55:52+00:00","og_image":[{"width":674,"height":1024,"url":"https:\/\/www.marcsamsonartist.com\/wp-content\/uploads\/2026\/04\/Memoires-en-Fleurs-674x1024.png","type":"image\/png"}],"twitter_card":"summary","twitter_misc":{"\u00c9crit par":"MarcSamson","Dur\u00e9e de lecture estim\u00e9e":"3 minutes"},"schema":{"@context":"https:\/\/schema.org","@graph":[{"@type":"WebSite","@id":"https:\/\/www.marcsamsonartist.com\/#website","url":"https:\/\/www.marcsamsonartist.com\/","name":"SAMSON ARTISTE","description":"ARTISTE QU\u00c9BECOIS DE NORTH HATLEY","potentialAction":[{"@type":"SearchAction","target":{"@type":"EntryPoint","urlTemplate":"https:\/\/www.marcsamsonartist.com\/?s={search_term_string}"},"query-input":"required name=search_term_string"}],"inLanguage":"fr-FR"},{"@type":"ImageObject","@id":"https:\/\/www.marcsamsonartist.com\/fr\/memoires-en-fleurs\/#primaryimage","inLanguage":"fr-FR","url":"https:\/\/www.marcsamsonartist.com\/wp-content\/uploads\/2026\/04\/Memoires-en-Fleurs.png","contentUrl":"https:\/\/www.marcsamsonartist.com\/wp-content\/uploads\/2026\/04\/Memoires-en-Fleurs.png","width":2835,"height":4304},{"@type":"WebPage","@id":"https:\/\/www.marcsamsonartist.com\/fr\/memoires-en-fleurs\/#webpage","url":"https:\/\/www.marcsamsonartist.com\/fr\/memoires-en-fleurs\/","name":"M\u00e9moires en fleurs | SAMSON ARTISTE","isPartOf":{"@id":"https:\/\/www.marcsamsonartist.com\/#website"},"primaryImageOfPage":{"@id":"https:\/\/www.marcsamsonartist.com\/fr\/memoires-en-fleurs\/#primaryimage"},"datePublished":"2026-04-29T15:55:50+00:00","dateModified":"2026-04-29T15:55:52+00:00","author":{"@id":"https:\/\/www.marcsamsonartist.com\/#\/schema\/person\/08bc17a6bde7a04c5afb76e1c9bc9970"},"breadcrumb":{"@id":"https:\/\/www.marcsamsonartist.com\/fr\/memoires-en-fleurs\/#breadcrumb"},"inLanguage":"fr-FR","potentialAction":[{"@type":"ReadAction","target":["https:\/\/www.marcsamsonartist.com\/fr\/memoires-en-fleurs\/"]}]},{"@type":"BreadcrumbList","@id":"https:\/\/www.marcsamsonartist.com\/fr\/memoires-en-fleurs\/#breadcrumb","itemListElement":[{"@type":"ListItem","position":1,"name":"Home","item":"https:\/\/www.marcsamsonartist.com\/fr\/"},{"@type":"ListItem","position":2,"name":"M\u00e9moires en fleurs"}]},{"@type":"Person","@id":"https:\/\/www.marcsamsonartist.com\/#\/schema\/person\/08bc17a6bde7a04c5afb76e1c9bc9970","name":"MarcSamson","image":{"@type":"ImageObject","@id":"https:\/\/www.marcsamsonartist.com\/#personlogo","inLanguage":"fr-FR","url":"https:\/\/secure.gravatar.com\/avatar\/53db7482c85f4df909bb59ebd8922772?s=96&d=mm&r=g","contentUrl":"https:\/\/secure.gravatar.com\/avatar\/53db7482c85f4df909bb59ebd8922772?s=96&d=mm&r=g","caption":"MarcSamson"},"url":"https:\/\/www.marcsamsonartist.com\/fr\/author\/marc-samson\/"}]}},"_links":{"self":[{"href":"https:\/\/www.marcsamsonartist.com\/fr\/wp-json\/wp\/v2\/posts\/9688"}],"collection":[{"href":"https:\/\/www.marcsamsonartist.com\/fr\/wp-json\/wp\/v2\/posts"}],"about":[{"href":"https:\/\/www.marcsamsonartist.com\/fr\/wp-json\/wp\/v2\/types\/post"}],"author":[{"embeddable":true,"href":"https:\/\/www.marcsamsonartist.com\/fr\/wp-json\/wp\/v2\/users\/3"}],"replies":[{"embeddable":true,"href":"https:\/\/www.marcsamsonartist.com\/fr\/wp-json\/wp\/v2\/comments?post=9688"}],"version-history":[{"count":1,"href":"https:\/\/www.marcsamsonartist.com\/fr\/wp-json\/wp\/v2\/posts\/9688\/revisions"}],"predecessor-version":[{"id":9689,"href":"https:\/\/www.marcsamsonartist.com\/fr\/wp-json\/wp\/v2\/posts\/9688\/revisions\/9689"}],"wp:featuredmedia":[{"embeddable":true,"href":"https:\/\/www.marcsamsonartist.com\/fr\/wp-json\/wp\/v2\/media\/9686"}],"wp:attachment":[{"href":"https:\/\/www.marcsamsonartist.com\/fr\/wp-json\/wp\/v2\/media?parent=9688"}],"wp:term":[{"taxonomy":"category","embeddable":true,"href":"https:\/\/www.marcsamsonartist.com\/fr\/wp-json\/wp\/v2\/categories?post=9688"},{"taxonomy":"post_tag","embeddable":true,"href":"https:\/\/www.marcsamsonartist.com\/fr\/wp-json\/wp\/v2\/tags?post=9688"}],"curies":[{"name":"wp","href":"https:\/\/api.w.org\/{rel}","templated":true}]}}