{"id":950,"date":"2017-11-30T09:25:45","date_gmt":"2017-11-30T14:25:45","guid":{"rendered":"http:\/\/www.marcsamsonartist.com\/fr\/?p=950"},"modified":"2017-11-30T09:27:57","modified_gmt":"2017-11-30T14:27:57","slug":"le-francais","status":"publish","type":"post","link":"https:\/\/www.marcsamsonartist.com\/fr\/le-francais\/","title":{"rendered":"LE FRAN\u00c7AIS"},"content":{"rendered":"<p><img loading=\"lazy\" class=\"alignnone size-large wp-image-948\" src=\"http:\/\/www.marcsamsonartist.com\/wp-content\/uploads\/2017\/11\/le-francais-samson-artiste-805x1024.jpg\" alt=\"\" width=\"805\" height=\"1024\" srcset=\"https:\/\/www.marcsamsonartist.com\/wp-content\/uploads\/2017\/11\/le-francais-samson-artiste-805x1024.jpg 805w, https:\/\/www.marcsamsonartist.com\/wp-content\/uploads\/2017\/11\/le-francais-samson-artiste-236x300.jpg 236w, https:\/\/www.marcsamsonartist.com\/wp-content\/uploads\/2017\/11\/le-francais-samson-artiste-768x977.jpg 768w, https:\/\/www.marcsamsonartist.com\/wp-content\/uploads\/2017\/11\/le-francais-samson-artiste-300x382.jpg 300w, https:\/\/www.marcsamsonartist.com\/wp-content\/uploads\/2017\/11\/le-francais-samson-artiste.jpg 1909w\" sizes=\"(max-width: 805px) 100vw, 805px\" \/><\/p>\n<p>\u201cLE FRAN\u00c7AIS\u201d  \u2013 30\u201d X 24\u201d \u2013 ACRYLIQUE ET TECHNIQUES MIXTES SUR TOILE.<\/p>\n<p>Le Coq est non-seulement l&#8217;embl\u00e8me de la France mais il repr\u00e9sente aussi l&rsquo;honn\u00eatet\u00e9, la combativit\u00e9 et le courage. <\/p>\n<p>En arri\u00e8re-plan: Articles c\u00e9l\u00e9brant le 375\u00e8me anniversaire de Montr\u00e9al, tissus et pl\u00e2tre en texture.<\/p>\n","protected":false},"excerpt":{"rendered":"<p>\u201cLE FRAN\u00c7AIS\u201d \u2013 30\u201d X 24\u201d \u2013 ACRYLIQUE ET TECHNIQUES MIXTES SUR TOILE. Le Coq est non-seulement l&#8217;embl\u00e8me de la France mais il repr\u00e9sente aussi l&rsquo;honn\u00eatet\u00e9, la combativit\u00e9 et le courage. En arri\u00e8re-plan: Articles c\u00e9l\u00e9brant le 375\u00e8me anniversaire de Montr\u00e9al, tissus et pl\u00e2tre en texture.<\/p>\n","protected":false},"author":3,"featured_media":0,"comment_status":"closed","ping_status":"open","sticky":false,"template":"","format":"standard","meta":{"ngg_post_thumbnail":0},"categories":[34],"tags":[],"yoast_head":"<!-- This site is optimized with the Yoast SEO plugin v18.5.1 - https:\/\/yoast.com\/wordpress\/plugins\/seo\/ -->\n<title>LE FRAN\u00c7AIS | SAMSON ARTISTE<\/title>\n<meta name=\"robots\" content=\"index, follow, max-snippet:-1, max-image-preview:large, max-video-preview:-1\" \/>\n<link rel=\"canonical\" href=\"https:\/\/www.marcsamsonartist.com\/fr\/le-francais\/\" \/>\n<meta property=\"og:locale\" content=\"fr_FR\" \/>\n<meta property=\"og:type\" content=\"article\" \/>\n<meta property=\"og:title\" content=\"LE FRAN\u00c7AIS | SAMSON ARTISTE\" \/>\n<meta property=\"og:description\" content=\"\u201cLE FRAN\u00c7AIS\u201d \u2013 30\u201d X 24\u201d \u2013 ACRYLIQUE ET TECHNIQUES MIXTES SUR TOILE. Le Coq est non-seulement l&#8217;embl\u00e8me de la France mais il repr\u00e9sente aussi l&rsquo;honn\u00eatet\u00e9, la combativit\u00e9 et le courage. En arri\u00e8re-plan: Articles c\u00e9l\u00e9brant le 375\u00e8me anniversaire de Montr\u00e9al, tissus et pl\u00e2tre en texture.\" \/>\n<meta property=\"og:url\" content=\"https:\/\/www.marcsamsonartist.com\/fr\/le-francais\/\" \/>\n<meta property=\"og:site_name\" content=\"SAMSON ARTISTE\" \/>\n<meta property=\"article:published_time\" content=\"2017-11-30T14:25:45+00:00\" \/>\n<meta property=\"article:modified_time\" content=\"2017-11-30T14:27:57+00:00\" \/>\n<meta property=\"og:image\" content=\"http:\/\/www.marcsamsonartist.com\/wp-content\/uploads\/2017\/11\/le-francais-samson-artiste-805x1024.jpg\" \/>\n<meta name=\"twitter:card\" content=\"summary\" \/>\n<meta name=\"twitter:label1\" content=\"\u00c9crit par\" \/>\n\t<meta name=\"twitter:data1\" content=\"MarcSamson\" \/>\n<script type=\"application\/ld+json\" class=\"yoast-schema-graph\">{\"@context\":\"https:\/\/schema.org\",\"@graph\":[{\"@type\":\"WebSite\",\"@id\":\"https:\/\/www.marcsamsonartist.com\/#website\",\"url\":\"https:\/\/www.marcsamsonartist.com\/\",\"name\":\"SAMSON ARTISTE\",\"description\":\"ARTISTE QU\u00c9BECOIS DE NORTH HATLEY\",\"potentialAction\":[{\"@type\":\"SearchAction\",\"target\":{\"@type\":\"EntryPoint\",\"urlTemplate\":\"https:\/\/www.marcsamsonartist.com\/?s={search_term_string}\"},\"query-input\":\"required name=search_term_string\"}],\"inLanguage\":\"fr-FR\"},{\"@type\":\"ImageObject\",\"@id\":\"https:\/\/www.marcsamsonartist.com\/fr\/le-francais\/#primaryimage\",\"inLanguage\":\"fr-FR\",\"url\":\"http:\/\/www.marcsamsonartist.com\/wp-content\/uploads\/2017\/11\/le-francais-samson-artiste-805x1024.jpg\",\"contentUrl\":\"http:\/\/www.marcsamsonartist.com\/wp-content\/uploads\/2017\/11\/le-francais-samson-artiste-805x1024.jpg\"},{\"@type\":\"WebPage\",\"@id\":\"https:\/\/www.marcsamsonartist.com\/fr\/le-francais\/#webpage\",\"url\":\"https:\/\/www.marcsamsonartist.com\/fr\/le-francais\/\",\"name\":\"LE FRAN\u00c7AIS | SAMSON ARTISTE\",\"isPartOf\":{\"@id\":\"https:\/\/www.marcsamsonartist.com\/#website\"},\"primaryImageOfPage\":{\"@id\":\"https:\/\/www.marcsamsonartist.com\/fr\/le-francais\/#primaryimage\"},\"datePublished\":\"2017-11-30T14:25:45+00:00\",\"dateModified\":\"2017-11-30T14:27:57+00:00\",\"author\":{\"@id\":\"https:\/\/www.marcsamsonartist.com\/#\/schema\/person\/08bc17a6bde7a04c5afb76e1c9bc9970\"},\"breadcrumb\":{\"@id\":\"https:\/\/www.marcsamsonartist.com\/fr\/le-francais\/#breadcrumb\"},\"inLanguage\":\"fr-FR\",\"potentialAction\":[{\"@type\":\"ReadAction\",\"target\":[\"https:\/\/www.marcsamsonartist.com\/fr\/le-francais\/\"]}]},{\"@type\":\"BreadcrumbList\",\"@id\":\"https:\/\/www.marcsamsonartist.com\/fr\/le-francais\/#breadcrumb\",\"itemListElement\":[{\"@type\":\"ListItem\",\"position\":1,\"name\":\"Home\",\"item\":\"https:\/\/www.marcsamsonartist.com\/fr\/\"},{\"@type\":\"ListItem\",\"position\":2,\"name\":\"LE FRAN\u00c7AIS\"}]},{\"@type\":\"Person\",\"@id\":\"https:\/\/www.marcsamsonartist.com\/#\/schema\/person\/08bc17a6bde7a04c5afb76e1c9bc9970\",\"name\":\"MarcSamson\",\"image\":{\"@type\":\"ImageObject\",\"@id\":\"https:\/\/www.marcsamsonartist.com\/#personlogo\",\"inLanguage\":\"fr-FR\",\"url\":\"https:\/\/secure.gravatar.com\/avatar\/53db7482c85f4df909bb59ebd8922772?s=96&d=mm&r=g\",\"contentUrl\":\"https:\/\/secure.gravatar.com\/avatar\/53db7482c85f4df909bb59ebd8922772?s=96&d=mm&r=g\",\"caption\":\"MarcSamson\"},\"url\":\"https:\/\/www.marcsamsonartist.com\/fr\/author\/marc-samson\/\"}]}<\/script>\n<!-- \/ Yoast SEO plugin. -->","yoast_head_json":{"title":"LE FRAN\u00c7AIS | SAMSON ARTISTE","robots":{"index":"index","follow":"follow","max-snippet":"max-snippet:-1","max-image-preview":"max-image-preview:large","max-video-preview":"max-video-preview:-1"},"canonical":"https:\/\/www.marcsamsonartist.com\/fr\/le-francais\/","og_locale":"fr_FR","og_type":"article","og_title":"LE FRAN\u00c7AIS | SAMSON ARTISTE","og_description":"\u201cLE FRAN\u00c7AIS\u201d \u2013 30\u201d X 24\u201d \u2013 ACRYLIQUE ET TECHNIQUES MIXTES SUR TOILE. Le Coq est non-seulement l&#8217;embl\u00e8me de la France mais il repr\u00e9sente aussi l&rsquo;honn\u00eatet\u00e9, la combativit\u00e9 et le courage. En arri\u00e8re-plan: Articles c\u00e9l\u00e9brant le 375\u00e8me anniversaire de Montr\u00e9al, tissus et pl\u00e2tre en texture.","og_url":"https:\/\/www.marcsamsonartist.com\/fr\/le-francais\/","og_site_name":"SAMSON ARTISTE","article_published_time":"2017-11-30T14:25:45+00:00","article_modified_time":"2017-11-30T14:27:57+00:00","og_image":[{"url":"http:\/\/www.marcsamsonartist.com\/wp-content\/uploads\/2017\/11\/le-francais-samson-artiste-805x1024.jpg"}],"twitter_card":"summary","twitter_misc":{"\u00c9crit par":"MarcSamson"},"schema":{"@context":"https:\/\/schema.org","@graph":[{"@type":"WebSite","@id":"https:\/\/www.marcsamsonartist.com\/#website","url":"https:\/\/www.marcsamsonartist.com\/","name":"SAMSON ARTISTE","description":"ARTISTE QU\u00c9BECOIS DE NORTH HATLEY","potentialAction":[{"@type":"SearchAction","target":{"@type":"EntryPoint","urlTemplate":"https:\/\/www.marcsamsonartist.com\/?s={search_term_string}"},"query-input":"required name=search_term_string"}],"inLanguage":"fr-FR"},{"@type":"ImageObject","@id":"https:\/\/www.marcsamsonartist.com\/fr\/le-francais\/#primaryimage","inLanguage":"fr-FR","url":"http:\/\/www.marcsamsonartist.com\/wp-content\/uploads\/2017\/11\/le-francais-samson-artiste-805x1024.jpg","contentUrl":"http:\/\/www.marcsamsonartist.com\/wp-content\/uploads\/2017\/11\/le-francais-samson-artiste-805x1024.jpg"},{"@type":"WebPage","@id":"https:\/\/www.marcsamsonartist.com\/fr\/le-francais\/#webpage","url":"https:\/\/www.marcsamsonartist.com\/fr\/le-francais\/","name":"LE FRAN\u00c7AIS | SAMSON ARTISTE","isPartOf":{"@id":"https:\/\/www.marcsamsonartist.com\/#website"},"primaryImageOfPage":{"@id":"https:\/\/www.marcsamsonartist.com\/fr\/le-francais\/#primaryimage"},"datePublished":"2017-11-30T14:25:45+00:00","dateModified":"2017-11-30T14:27:57+00:00","author":{"@id":"https:\/\/www.marcsamsonartist.com\/#\/schema\/person\/08bc17a6bde7a04c5afb76e1c9bc9970"},"breadcrumb":{"@id":"https:\/\/www.marcsamsonartist.com\/fr\/le-francais\/#breadcrumb"},"inLanguage":"fr-FR","potentialAction":[{"@type":"ReadAction","target":["https:\/\/www.marcsamsonartist.com\/fr\/le-francais\/"]}]},{"@type":"BreadcrumbList","@id":"https:\/\/www.marcsamsonartist.com\/fr\/le-francais\/#breadcrumb","itemListElement":[{"@type":"ListItem","position":1,"name":"Home","item":"https:\/\/www.marcsamsonartist.com\/fr\/"},{"@type":"ListItem","position":2,"name":"LE FRAN\u00c7AIS"}]},{"@type":"Person","@id":"https:\/\/www.marcsamsonartist.com\/#\/schema\/person\/08bc17a6bde7a04c5afb76e1c9bc9970","name":"MarcSamson","image":{"@type":"ImageObject","@id":"https:\/\/www.marcsamsonartist.com\/#personlogo","inLanguage":"fr-FR","url":"https:\/\/secure.gravatar.com\/avatar\/53db7482c85f4df909bb59ebd8922772?s=96&d=mm&r=g","contentUrl":"https:\/\/secure.gravatar.com\/avatar\/53db7482c85f4df909bb59ebd8922772?s=96&d=mm&r=g","caption":"MarcSamson"},"url":"https:\/\/www.marcsamsonartist.com\/fr\/author\/marc-samson\/"}]}},"_links":{"self":[{"href":"https:\/\/www.marcsamsonartist.com\/fr\/wp-json\/wp\/v2\/posts\/950"}],"collection":[{"href":"https:\/\/www.marcsamsonartist.com\/fr\/wp-json\/wp\/v2\/posts"}],"about":[{"href":"https:\/\/www.marcsamsonartist.com\/fr\/wp-json\/wp\/v2\/types\/post"}],"author":[{"embeddable":true,"href":"https:\/\/www.marcsamsonartist.com\/fr\/wp-json\/wp\/v2\/users\/3"}],"replies":[{"embeddable":true,"href":"https:\/\/www.marcsamsonartist.com\/fr\/wp-json\/wp\/v2\/comments?post=950"}],"version-history":[{"count":1,"href":"https:\/\/www.marcsamsonartist.com\/fr\/wp-json\/wp\/v2\/posts\/950\/revisions"}],"predecessor-version":[{"id":951,"href":"https:\/\/www.marcsamsonartist.com\/fr\/wp-json\/wp\/v2\/posts\/950\/revisions\/951"}],"wp:attachment":[{"href":"https:\/\/www.marcsamsonartist.com\/fr\/wp-json\/wp\/v2\/media?parent=950"}],"wp:term":[{"taxonomy":"category","embeddable":true,"href":"https:\/\/www.marcsamsonartist.com\/fr\/wp-json\/wp\/v2\/categories?post=950"},{"taxonomy":"post_tag","embeddable":true,"href":"https:\/\/www.marcsamsonartist.com\/fr\/wp-json\/wp\/v2\/tags?post=950"}],"curies":[{"name":"wp","href":"https:\/\/api.w.org\/{rel}","templated":true}]}}