{"id":942,"date":"2017-11-23T19:46:25","date_gmt":"2017-11-24T00:46:25","guid":{"rendered":"http:\/\/www.marcsamsonartist.com\/fr\/?p=942"},"modified":"2019-09-10T15:09:27","modified_gmt":"2019-09-10T19:09:27","slug":"parc-belmont","status":"publish","type":"post","link":"https:\/\/www.marcsamsonartist.com\/fr\/parc-belmont\/","title":{"rendered":"PARC BELMONT"},"content":{"rendered":"<p><img loading=\"lazy\" class=\"alignnone size-large wp-image-936\" src=\"http:\/\/www.marcsamsonartist.com\/wp-content\/uploads\/2017\/11\/parc-belmont-painting-marc-samson-1024x772.jpg\" alt=\"\" width=\"1024\" height=\"772\" srcset=\"https:\/\/www.marcsamsonartist.com\/wp-content\/uploads\/2017\/11\/parc-belmont-painting-marc-samson-1024x772.jpg 1024w, https:\/\/www.marcsamsonartist.com\/wp-content\/uploads\/2017\/11\/parc-belmont-painting-marc-samson-300x226.jpg 300w, https:\/\/www.marcsamsonartist.com\/wp-content\/uploads\/2017\/11\/parc-belmont-painting-marc-samson-768x579.jpg 768w, https:\/\/www.marcsamsonartist.com\/wp-content\/uploads\/2017\/11\/parc-belmont-painting-marc-samson.jpg 2048w\" sizes=\"(max-width: 1024px) 100vw, 1024px\" \/><\/p>\n<p><strong>\u201cPARC BELMONT\u201d \u2013 48\u201d X 36\u201d &#8211; ACRYLIQUE ET TECHNIQUES MIXTES SUR TOILE.<\/strong><br \/>\nComme je suis natif de Sherbrooke, je n\u2019ai jamais pu appr\u00e9ci\u00e9 l\u2019ambiance du Parc Belmont. Ma seule r\u00e9f\u00e9rence n&rsquo;\u00e9tait que la chanson, portant le m\u00eame nom, de notre chanteuse iconique Diane Dufresne (compositeur Luc Plamondon, 1979).<\/p>\n<p>Cette toile symbolise les chevaux color\u00e9s du c\u00e9l\u00e8bre carrousel qui ont tourn\u00e9 pendant une soixantaine d&rsquo;ann\u00e9es au nord-ouest de Montr\u00e9al. Malheureusement, l\u2019ouverture d\u2019un autre parc d\u2019amusement (\u201cLa Ronde\u201d) et la hausse des taxes fonci\u00e8res ont condamn\u00e9 cet \u00e9tablissement historique \u00e0 fermer ses portes en 1983. Pour ceux et celles qui y conservent plusieurs souvenirs, je vous laisse retomber dans cette \u00e8re si pr\u00e9cieuse et romantique que vous a apport\u00e9e, l\u2019inoubliable PARC BELMONT.<\/p>\n<p>Note: Textes et photos d\u2019un article (Journal La Presse de Montr\u00e9al) sur Diane Dufresne, plan du M\u00e9tro de Montr\u00e9al, tissus de ma belle-m\u00e8re (Nouveau-Brunswick), jute, etc.<\/p>\n","protected":false},"excerpt":{"rendered":"<p>\u201cPARC BELMONT\u201d \u2013 48\u201d X 36\u201d &#8211; ACRYLIQUE ET TECHNIQUES MIXTES SUR TOILE. Comme je suis natif de Sherbrooke, je n\u2019ai jamais pu appr\u00e9ci\u00e9 l\u2019ambiance du Parc Belmont. Ma seule r\u00e9f\u00e9rence n&rsquo;\u00e9tait que la chanson, portant le m\u00eame nom, de notre chanteuse iconique Diane Dufresne (compositeur Luc Plamondon, 1979). Cette toile symbolise les chevaux color\u00e9s [&hellip;]<\/p>\n","protected":false},"author":3,"featured_media":0,"comment_status":"closed","ping_status":"open","sticky":false,"template":"","format":"standard","meta":{"ngg_post_thumbnail":0},"categories":[33],"tags":[],"yoast_head":"<!-- This site is optimized with the Yoast SEO plugin v18.5.1 - https:\/\/yoast.com\/wordpress\/plugins\/seo\/ -->\n<title>PARC BELMONT | SAMSON ARTISTE<\/title>\n<meta name=\"robots\" content=\"index, follow, max-snippet:-1, max-image-preview:large, max-video-preview:-1\" \/>\n<link rel=\"canonical\" href=\"https:\/\/www.marcsamsonartist.com\/fr\/parc-belmont\/\" \/>\n<meta property=\"og:locale\" content=\"fr_FR\" \/>\n<meta property=\"og:type\" content=\"article\" \/>\n<meta property=\"og:title\" content=\"PARC BELMONT | SAMSON ARTISTE\" \/>\n<meta property=\"og:description\" content=\"\u201cPARC BELMONT\u201d \u2013 48\u201d X 36\u201d &#8211; ACRYLIQUE ET TECHNIQUES MIXTES SUR TOILE. Comme je suis natif de Sherbrooke, je n\u2019ai jamais pu appr\u00e9ci\u00e9 l\u2019ambiance du Parc Belmont. Ma seule r\u00e9f\u00e9rence n&rsquo;\u00e9tait que la chanson, portant le m\u00eame nom, de notre chanteuse iconique Diane Dufresne (compositeur Luc Plamondon, 1979). Cette toile symbolise les chevaux color\u00e9s [&hellip;]\" \/>\n<meta property=\"og:url\" content=\"https:\/\/www.marcsamsonartist.com\/fr\/parc-belmont\/\" \/>\n<meta property=\"og:site_name\" content=\"SAMSON ARTISTE\" \/>\n<meta property=\"article:published_time\" content=\"2017-11-24T00:46:25+00:00\" \/>\n<meta property=\"article:modified_time\" content=\"2019-09-10T19:09:27+00:00\" \/>\n<meta property=\"og:image\" content=\"http:\/\/www.marcsamsonartist.com\/wp-content\/uploads\/2017\/11\/parc-belmont-painting-marc-samson-1024x772.jpg\" \/>\n<meta name=\"twitter:card\" content=\"summary\" \/>\n<meta name=\"twitter:label1\" content=\"\u00c9crit par\" \/>\n\t<meta name=\"twitter:data1\" content=\"MarcSamson\" \/>\n\t<meta name=\"twitter:label2\" content=\"Dur\u00e9e de lecture estim\u00e9e\" \/>\n\t<meta name=\"twitter:data2\" content=\"1 minute\" \/>\n<script type=\"application\/ld+json\" class=\"yoast-schema-graph\">{\"@context\":\"https:\/\/schema.org\",\"@graph\":[{\"@type\":\"WebSite\",\"@id\":\"https:\/\/www.marcsamsonartist.com\/#website\",\"url\":\"https:\/\/www.marcsamsonartist.com\/\",\"name\":\"SAMSON ARTISTE\",\"description\":\"ARTISTE QU\u00c9BECOIS DE NORTH HATLEY\",\"potentialAction\":[{\"@type\":\"SearchAction\",\"target\":{\"@type\":\"EntryPoint\",\"urlTemplate\":\"https:\/\/www.marcsamsonartist.com\/?s={search_term_string}\"},\"query-input\":\"required name=search_term_string\"}],\"inLanguage\":\"fr-FR\"},{\"@type\":\"ImageObject\",\"@id\":\"https:\/\/www.marcsamsonartist.com\/fr\/parc-belmont\/#primaryimage\",\"inLanguage\":\"fr-FR\",\"url\":\"http:\/\/www.marcsamsonartist.com\/wp-content\/uploads\/2017\/11\/parc-belmont-painting-marc-samson-1024x772.jpg\",\"contentUrl\":\"http:\/\/www.marcsamsonartist.com\/wp-content\/uploads\/2017\/11\/parc-belmont-painting-marc-samson-1024x772.jpg\"},{\"@type\":\"WebPage\",\"@id\":\"https:\/\/www.marcsamsonartist.com\/fr\/parc-belmont\/#webpage\",\"url\":\"https:\/\/www.marcsamsonartist.com\/fr\/parc-belmont\/\",\"name\":\"PARC BELMONT | SAMSON ARTISTE\",\"isPartOf\":{\"@id\":\"https:\/\/www.marcsamsonartist.com\/#website\"},\"primaryImageOfPage\":{\"@id\":\"https:\/\/www.marcsamsonartist.com\/fr\/parc-belmont\/#primaryimage\"},\"datePublished\":\"2017-11-24T00:46:25+00:00\",\"dateModified\":\"2019-09-10T19:09:27+00:00\",\"author\":{\"@id\":\"https:\/\/www.marcsamsonartist.com\/#\/schema\/person\/08bc17a6bde7a04c5afb76e1c9bc9970\"},\"breadcrumb\":{\"@id\":\"https:\/\/www.marcsamsonartist.com\/fr\/parc-belmont\/#breadcrumb\"},\"inLanguage\":\"fr-FR\",\"potentialAction\":[{\"@type\":\"ReadAction\",\"target\":[\"https:\/\/www.marcsamsonartist.com\/fr\/parc-belmont\/\"]}]},{\"@type\":\"BreadcrumbList\",\"@id\":\"https:\/\/www.marcsamsonartist.com\/fr\/parc-belmont\/#breadcrumb\",\"itemListElement\":[{\"@type\":\"ListItem\",\"position\":1,\"name\":\"Home\",\"item\":\"https:\/\/www.marcsamsonartist.com\/fr\/\"},{\"@type\":\"ListItem\",\"position\":2,\"name\":\"PARC BELMONT\"}]},{\"@type\":\"Person\",\"@id\":\"https:\/\/www.marcsamsonartist.com\/#\/schema\/person\/08bc17a6bde7a04c5afb76e1c9bc9970\",\"name\":\"MarcSamson\",\"image\":{\"@type\":\"ImageObject\",\"@id\":\"https:\/\/www.marcsamsonartist.com\/#personlogo\",\"inLanguage\":\"fr-FR\",\"url\":\"https:\/\/secure.gravatar.com\/avatar\/53db7482c85f4df909bb59ebd8922772?s=96&d=mm&r=g\",\"contentUrl\":\"https:\/\/secure.gravatar.com\/avatar\/53db7482c85f4df909bb59ebd8922772?s=96&d=mm&r=g\",\"caption\":\"MarcSamson\"},\"url\":\"https:\/\/www.marcsamsonartist.com\/fr\/author\/marc-samson\/\"}]}<\/script>\n<!-- \/ Yoast SEO plugin. -->","yoast_head_json":{"title":"PARC BELMONT | SAMSON ARTISTE","robots":{"index":"index","follow":"follow","max-snippet":"max-snippet:-1","max-image-preview":"max-image-preview:large","max-video-preview":"max-video-preview:-1"},"canonical":"https:\/\/www.marcsamsonartist.com\/fr\/parc-belmont\/","og_locale":"fr_FR","og_type":"article","og_title":"PARC BELMONT | SAMSON ARTISTE","og_description":"\u201cPARC BELMONT\u201d \u2013 48\u201d X 36\u201d &#8211; ACRYLIQUE ET TECHNIQUES MIXTES SUR TOILE. Comme je suis natif de Sherbrooke, je n\u2019ai jamais pu appr\u00e9ci\u00e9 l\u2019ambiance du Parc Belmont. Ma seule r\u00e9f\u00e9rence n&rsquo;\u00e9tait que la chanson, portant le m\u00eame nom, de notre chanteuse iconique Diane Dufresne (compositeur Luc Plamondon, 1979). Cette toile symbolise les chevaux color\u00e9s [&hellip;]","og_url":"https:\/\/www.marcsamsonartist.com\/fr\/parc-belmont\/","og_site_name":"SAMSON ARTISTE","article_published_time":"2017-11-24T00:46:25+00:00","article_modified_time":"2019-09-10T19:09:27+00:00","og_image":[{"url":"http:\/\/www.marcsamsonartist.com\/wp-content\/uploads\/2017\/11\/parc-belmont-painting-marc-samson-1024x772.jpg"}],"twitter_card":"summary","twitter_misc":{"\u00c9crit par":"MarcSamson","Dur\u00e9e de lecture estim\u00e9e":"1 minute"},"schema":{"@context":"https:\/\/schema.org","@graph":[{"@type":"WebSite","@id":"https:\/\/www.marcsamsonartist.com\/#website","url":"https:\/\/www.marcsamsonartist.com\/","name":"SAMSON ARTISTE","description":"ARTISTE QU\u00c9BECOIS DE NORTH HATLEY","potentialAction":[{"@type":"SearchAction","target":{"@type":"EntryPoint","urlTemplate":"https:\/\/www.marcsamsonartist.com\/?s={search_term_string}"},"query-input":"required name=search_term_string"}],"inLanguage":"fr-FR"},{"@type":"ImageObject","@id":"https:\/\/www.marcsamsonartist.com\/fr\/parc-belmont\/#primaryimage","inLanguage":"fr-FR","url":"http:\/\/www.marcsamsonartist.com\/wp-content\/uploads\/2017\/11\/parc-belmont-painting-marc-samson-1024x772.jpg","contentUrl":"http:\/\/www.marcsamsonartist.com\/wp-content\/uploads\/2017\/11\/parc-belmont-painting-marc-samson-1024x772.jpg"},{"@type":"WebPage","@id":"https:\/\/www.marcsamsonartist.com\/fr\/parc-belmont\/#webpage","url":"https:\/\/www.marcsamsonartist.com\/fr\/parc-belmont\/","name":"PARC BELMONT | SAMSON ARTISTE","isPartOf":{"@id":"https:\/\/www.marcsamsonartist.com\/#website"},"primaryImageOfPage":{"@id":"https:\/\/www.marcsamsonartist.com\/fr\/parc-belmont\/#primaryimage"},"datePublished":"2017-11-24T00:46:25+00:00","dateModified":"2019-09-10T19:09:27+00:00","author":{"@id":"https:\/\/www.marcsamsonartist.com\/#\/schema\/person\/08bc17a6bde7a04c5afb76e1c9bc9970"},"breadcrumb":{"@id":"https:\/\/www.marcsamsonartist.com\/fr\/parc-belmont\/#breadcrumb"},"inLanguage":"fr-FR","potentialAction":[{"@type":"ReadAction","target":["https:\/\/www.marcsamsonartist.com\/fr\/parc-belmont\/"]}]},{"@type":"BreadcrumbList","@id":"https:\/\/www.marcsamsonartist.com\/fr\/parc-belmont\/#breadcrumb","itemListElement":[{"@type":"ListItem","position":1,"name":"Home","item":"https:\/\/www.marcsamsonartist.com\/fr\/"},{"@type":"ListItem","position":2,"name":"PARC BELMONT"}]},{"@type":"Person","@id":"https:\/\/www.marcsamsonartist.com\/#\/schema\/person\/08bc17a6bde7a04c5afb76e1c9bc9970","name":"MarcSamson","image":{"@type":"ImageObject","@id":"https:\/\/www.marcsamsonartist.com\/#personlogo","inLanguage":"fr-FR","url":"https:\/\/secure.gravatar.com\/avatar\/53db7482c85f4df909bb59ebd8922772?s=96&d=mm&r=g","contentUrl":"https:\/\/secure.gravatar.com\/avatar\/53db7482c85f4df909bb59ebd8922772?s=96&d=mm&r=g","caption":"MarcSamson"},"url":"https:\/\/www.marcsamsonartist.com\/fr\/author\/marc-samson\/"}]}},"_links":{"self":[{"href":"https:\/\/www.marcsamsonartist.com\/fr\/wp-json\/wp\/v2\/posts\/942"}],"collection":[{"href":"https:\/\/www.marcsamsonartist.com\/fr\/wp-json\/wp\/v2\/posts"}],"about":[{"href":"https:\/\/www.marcsamsonartist.com\/fr\/wp-json\/wp\/v2\/types\/post"}],"author":[{"embeddable":true,"href":"https:\/\/www.marcsamsonartist.com\/fr\/wp-json\/wp\/v2\/users\/3"}],"replies":[{"embeddable":true,"href":"https:\/\/www.marcsamsonartist.com\/fr\/wp-json\/wp\/v2\/comments?post=942"}],"version-history":[{"count":3,"href":"https:\/\/www.marcsamsonartist.com\/fr\/wp-json\/wp\/v2\/posts\/942\/revisions"}],"predecessor-version":[{"id":1407,"href":"https:\/\/www.marcsamsonartist.com\/fr\/wp-json\/wp\/v2\/posts\/942\/revisions\/1407"}],"wp:attachment":[{"href":"https:\/\/www.marcsamsonartist.com\/fr\/wp-json\/wp\/v2\/media?parent=942"}],"wp:term":[{"taxonomy":"category","embeddable":true,"href":"https:\/\/www.marcsamsonartist.com\/fr\/wp-json\/wp\/v2\/categories?post=942"},{"taxonomy":"post_tag","embeddable":true,"href":"https:\/\/www.marcsamsonartist.com\/fr\/wp-json\/wp\/v2\/tags?post=942"}],"curies":[{"name":"wp","href":"https:\/\/api.w.org\/{rel}","templated":true}]}}