{"id":9178,"date":"2025-03-31T04:00:00","date_gmt":"2025-03-31T08:00:00","guid":{"rendered":"https:\/\/www.marcsamsonartist.com\/?p=9178"},"modified":"2025-04-01T17:12:45","modified_gmt":"2025-04-01T21:12:45","slug":"bellevue","status":"publish","type":"post","link":"https:\/\/www.marcsamsonartist.com\/fr\/bellevue\/","title":{"rendered":"CR\u00c9PUSCULE SUR BELLEVUE"},"content":{"rendered":"\n<figure class=\"wp-block-image size-large\"><a href=\"https:\/\/www.marcsamsonartist.com\/wp-content\/uploads\/2024\/12\/balade-en-foret-final.png\"><img loading=\"lazy\" width=\"1024\" height=\"683\" src=\"https:\/\/www.marcsamsonartist.com\/wp-content\/uploads\/2024\/12\/balade-en-foret-final-1024x683.png\" alt=\"\" class=\"wp-image-9176\" srcset=\"https:\/\/www.marcsamsonartist.com\/wp-content\/uploads\/2024\/12\/balade-en-foret-final-1024x683.png 1024w, https:\/\/www.marcsamsonartist.com\/wp-content\/uploads\/2024\/12\/balade-en-foret-final-300x200.png 300w, https:\/\/www.marcsamsonartist.com\/wp-content\/uploads\/2024\/12\/balade-en-foret-final-768x512.png 768w, https:\/\/www.marcsamsonartist.com\/wp-content\/uploads\/2024\/12\/balade-en-foret-final-1536x1024.png 1536w, https:\/\/www.marcsamsonartist.com\/wp-content\/uploads\/2024\/12\/balade-en-foret-final-2048x1365.png 2048w\" sizes=\"(max-width: 1024px) 100vw, 1024px\" \/><\/a><\/figure>\n\n\n\n<p><strong>CR\u00c9PUSCULE SUR BELLEVUE &#8211; 24\u201d X 16\u201d &#8211; Acrylique et techniques mixtes sur bois<\/strong><\/p>\n\n\n\n<p>Cette toile abstraite \u00e9voque la lumi\u00e8re du soleil se refl\u00e9tant sur le mont Bellevue, situ\u00e9 juste en amont du campus de l\u2019Universit\u00e9 de Sherbrooke. Les pastels et les tons jaunes, orang\u00e9s et rouges se m\u00ealent aux formes g\u00e9om\u00e9triques repr\u00e9sentant les diff\u00e9rentes esp\u00e8ces d\u2019arbres de la montagne. Ensemble, ils \u00e9voquent subtilement la transition de la fin de journ\u00e9e, cr\u00e9ant une atmosph\u00e8re \u00e0 la fois vivante et apaisante.<br><\/p>\n","protected":false},"excerpt":{"rendered":"<p>CR\u00c9PUSCULE SUR BELLEVUE &#8211; 24\u201d X 16\u201d &#8211; Acrylique et techniques mixtes sur bois Cette toile abstraite \u00e9voque la lumi\u00e8re du soleil se refl\u00e9tant sur le mont Bellevue, situ\u00e9 juste en amont du campus de l\u2019Universit\u00e9 de Sherbrooke. Les pastels et les tons jaunes, orang\u00e9s et rouges se m\u00ealent aux formes g\u00e9om\u00e9triques repr\u00e9sentant les diff\u00e9rentes [&hellip;]<\/p>\n","protected":false},"author":3,"featured_media":9176,"comment_status":"closed","ping_status":"open","sticky":false,"template":"","format":"standard","meta":{"ngg_post_thumbnail":0},"categories":[104,75,39,106],"tags":[],"yoast_head":"<!-- This site is optimized with the Yoast SEO plugin v18.5.1 - https:\/\/yoast.com\/wordpress\/plugins\/seo\/ -->\n<title>CR\u00c9PUSCULE SUR BELLEVUE | SAMSON ARTISTE<\/title>\n<meta name=\"robots\" content=\"index, follow, max-snippet:-1, max-image-preview:large, max-video-preview:-1\" \/>\n<link rel=\"canonical\" href=\"https:\/\/www.marcsamsonartist.com\/fr\/bellevue\/\" \/>\n<meta property=\"og:locale\" content=\"fr_FR\" \/>\n<meta property=\"og:type\" content=\"article\" \/>\n<meta property=\"og:title\" content=\"CR\u00c9PUSCULE SUR BELLEVUE | SAMSON ARTISTE\" \/>\n<meta property=\"og:description\" content=\"CR\u00c9PUSCULE SUR BELLEVUE &#8211; 24\u201d X 16\u201d &#8211; Acrylique et techniques mixtes sur bois Cette toile abstraite \u00e9voque la lumi\u00e8re du soleil se refl\u00e9tant sur le mont Bellevue, situ\u00e9 juste en amont du campus de l\u2019Universit\u00e9 de Sherbrooke. Les pastels et les tons jaunes, orang\u00e9s et rouges se m\u00ealent aux formes g\u00e9om\u00e9triques repr\u00e9sentant les diff\u00e9rentes [&hellip;]\" \/>\n<meta property=\"og:url\" content=\"https:\/\/www.marcsamsonartist.com\/fr\/bellevue\/\" \/>\n<meta property=\"og:site_name\" content=\"SAMSON ARTISTE\" \/>\n<meta property=\"article:published_time\" content=\"2025-03-31T08:00:00+00:00\" \/>\n<meta property=\"article:modified_time\" content=\"2025-04-01T21:12:45+00:00\" \/>\n<meta property=\"og:image\" content=\"https:\/\/www.marcsamsonartist.com\/wp-content\/uploads\/2024\/12\/balade-en-foret-final-1024x683.png\" \/>\n\t<meta property=\"og:image:width\" content=\"1024\" \/>\n\t<meta property=\"og:image:height\" content=\"683\" \/>\n\t<meta property=\"og:image:type\" content=\"image\/png\" \/>\n<meta name=\"twitter:card\" content=\"summary\" \/>\n<meta name=\"twitter:label1\" content=\"\u00c9crit par\" \/>\n\t<meta name=\"twitter:data1\" content=\"MarcSamson\" \/>\n\t<meta name=\"twitter:label2\" content=\"Dur\u00e9e de lecture estim\u00e9e\" \/>\n\t<meta name=\"twitter:data2\" content=\"1 minute\" \/>\n<script type=\"application\/ld+json\" class=\"yoast-schema-graph\">{\"@context\":\"https:\/\/schema.org\",\"@graph\":[{\"@type\":\"WebSite\",\"@id\":\"https:\/\/www.marcsamsonartist.com\/#website\",\"url\":\"https:\/\/www.marcsamsonartist.com\/\",\"name\":\"SAMSON ARTISTE\",\"description\":\"ARTISTE QU\u00c9BECOIS DE NORTH HATLEY\",\"potentialAction\":[{\"@type\":\"SearchAction\",\"target\":{\"@type\":\"EntryPoint\",\"urlTemplate\":\"https:\/\/www.marcsamsonartist.com\/?s={search_term_string}\"},\"query-input\":\"required name=search_term_string\"}],\"inLanguage\":\"fr-FR\"},{\"@type\":\"ImageObject\",\"@id\":\"https:\/\/www.marcsamsonartist.com\/fr\/bellevue\/#primaryimage\",\"inLanguage\":\"fr-FR\",\"url\":\"https:\/\/www.marcsamsonartist.com\/wp-content\/uploads\/2024\/12\/balade-en-foret-final.png\",\"contentUrl\":\"https:\/\/www.marcsamsonartist.com\/wp-content\/uploads\/2024\/12\/balade-en-foret-final.png\",\"width\":2304,\"height\":1536},{\"@type\":\"WebPage\",\"@id\":\"https:\/\/www.marcsamsonartist.com\/fr\/bellevue\/#webpage\",\"url\":\"https:\/\/www.marcsamsonartist.com\/fr\/bellevue\/\",\"name\":\"CR\u00c9PUSCULE SUR BELLEVUE | SAMSON ARTISTE\",\"isPartOf\":{\"@id\":\"https:\/\/www.marcsamsonartist.com\/#website\"},\"primaryImageOfPage\":{\"@id\":\"https:\/\/www.marcsamsonartist.com\/fr\/bellevue\/#primaryimage\"},\"datePublished\":\"2025-03-31T08:00:00+00:00\",\"dateModified\":\"2025-04-01T21:12:45+00:00\",\"author\":{\"@id\":\"https:\/\/www.marcsamsonartist.com\/#\/schema\/person\/08bc17a6bde7a04c5afb76e1c9bc9970\"},\"breadcrumb\":{\"@id\":\"https:\/\/www.marcsamsonartist.com\/fr\/bellevue\/#breadcrumb\"},\"inLanguage\":\"fr-FR\",\"potentialAction\":[{\"@type\":\"ReadAction\",\"target\":[\"https:\/\/www.marcsamsonartist.com\/fr\/bellevue\/\"]}]},{\"@type\":\"BreadcrumbList\",\"@id\":\"https:\/\/www.marcsamsonartist.com\/fr\/bellevue\/#breadcrumb\",\"itemListElement\":[{\"@type\":\"ListItem\",\"position\":1,\"name\":\"Home\",\"item\":\"https:\/\/www.marcsamsonartist.com\/fr\/\"},{\"@type\":\"ListItem\",\"position\":2,\"name\":\"CR\u00c9PUSCULE SUR BELLEVUE\"}]},{\"@type\":\"Person\",\"@id\":\"https:\/\/www.marcsamsonartist.com\/#\/schema\/person\/08bc17a6bde7a04c5afb76e1c9bc9970\",\"name\":\"MarcSamson\",\"image\":{\"@type\":\"ImageObject\",\"@id\":\"https:\/\/www.marcsamsonartist.com\/#personlogo\",\"inLanguage\":\"fr-FR\",\"url\":\"https:\/\/secure.gravatar.com\/avatar\/53db7482c85f4df909bb59ebd8922772?s=96&d=mm&r=g\",\"contentUrl\":\"https:\/\/secure.gravatar.com\/avatar\/53db7482c85f4df909bb59ebd8922772?s=96&d=mm&r=g\",\"caption\":\"MarcSamson\"},\"url\":\"https:\/\/www.marcsamsonartist.com\/fr\/author\/marc-samson\/\"}]}<\/script>\n<!-- \/ Yoast SEO plugin. -->","yoast_head_json":{"title":"CR\u00c9PUSCULE SUR BELLEVUE | SAMSON ARTISTE","robots":{"index":"index","follow":"follow","max-snippet":"max-snippet:-1","max-image-preview":"max-image-preview:large","max-video-preview":"max-video-preview:-1"},"canonical":"https:\/\/www.marcsamsonartist.com\/fr\/bellevue\/","og_locale":"fr_FR","og_type":"article","og_title":"CR\u00c9PUSCULE SUR BELLEVUE | SAMSON ARTISTE","og_description":"CR\u00c9PUSCULE SUR BELLEVUE &#8211; 24\u201d X 16\u201d &#8211; Acrylique et techniques mixtes sur bois Cette toile abstraite \u00e9voque la lumi\u00e8re du soleil se refl\u00e9tant sur le mont Bellevue, situ\u00e9 juste en amont du campus de l\u2019Universit\u00e9 de Sherbrooke. Les pastels et les tons jaunes, orang\u00e9s et rouges se m\u00ealent aux formes g\u00e9om\u00e9triques repr\u00e9sentant les diff\u00e9rentes [&hellip;]","og_url":"https:\/\/www.marcsamsonartist.com\/fr\/bellevue\/","og_site_name":"SAMSON ARTISTE","article_published_time":"2025-03-31T08:00:00+00:00","article_modified_time":"2025-04-01T21:12:45+00:00","og_image":[{"width":1024,"height":683,"url":"https:\/\/www.marcsamsonartist.com\/wp-content\/uploads\/2024\/12\/balade-en-foret-final-1024x683.png","type":"image\/png"}],"twitter_card":"summary","twitter_misc":{"\u00c9crit par":"MarcSamson","Dur\u00e9e de lecture estim\u00e9e":"1 minute"},"schema":{"@context":"https:\/\/schema.org","@graph":[{"@type":"WebSite","@id":"https:\/\/www.marcsamsonartist.com\/#website","url":"https:\/\/www.marcsamsonartist.com\/","name":"SAMSON ARTISTE","description":"ARTISTE QU\u00c9BECOIS DE NORTH HATLEY","potentialAction":[{"@type":"SearchAction","target":{"@type":"EntryPoint","urlTemplate":"https:\/\/www.marcsamsonartist.com\/?s={search_term_string}"},"query-input":"required name=search_term_string"}],"inLanguage":"fr-FR"},{"@type":"ImageObject","@id":"https:\/\/www.marcsamsonartist.com\/fr\/bellevue\/#primaryimage","inLanguage":"fr-FR","url":"https:\/\/www.marcsamsonartist.com\/wp-content\/uploads\/2024\/12\/balade-en-foret-final.png","contentUrl":"https:\/\/www.marcsamsonartist.com\/wp-content\/uploads\/2024\/12\/balade-en-foret-final.png","width":2304,"height":1536},{"@type":"WebPage","@id":"https:\/\/www.marcsamsonartist.com\/fr\/bellevue\/#webpage","url":"https:\/\/www.marcsamsonartist.com\/fr\/bellevue\/","name":"CR\u00c9PUSCULE SUR BELLEVUE | SAMSON ARTISTE","isPartOf":{"@id":"https:\/\/www.marcsamsonartist.com\/#website"},"primaryImageOfPage":{"@id":"https:\/\/www.marcsamsonartist.com\/fr\/bellevue\/#primaryimage"},"datePublished":"2025-03-31T08:00:00+00:00","dateModified":"2025-04-01T21:12:45+00:00","author":{"@id":"https:\/\/www.marcsamsonartist.com\/#\/schema\/person\/08bc17a6bde7a04c5afb76e1c9bc9970"},"breadcrumb":{"@id":"https:\/\/www.marcsamsonartist.com\/fr\/bellevue\/#breadcrumb"},"inLanguage":"fr-FR","potentialAction":[{"@type":"ReadAction","target":["https:\/\/www.marcsamsonartist.com\/fr\/bellevue\/"]}]},{"@type":"BreadcrumbList","@id":"https:\/\/www.marcsamsonartist.com\/fr\/bellevue\/#breadcrumb","itemListElement":[{"@type":"ListItem","position":1,"name":"Home","item":"https:\/\/www.marcsamsonartist.com\/fr\/"},{"@type":"ListItem","position":2,"name":"CR\u00c9PUSCULE SUR BELLEVUE"}]},{"@type":"Person","@id":"https:\/\/www.marcsamsonartist.com\/#\/schema\/person\/08bc17a6bde7a04c5afb76e1c9bc9970","name":"MarcSamson","image":{"@type":"ImageObject","@id":"https:\/\/www.marcsamsonartist.com\/#personlogo","inLanguage":"fr-FR","url":"https:\/\/secure.gravatar.com\/avatar\/53db7482c85f4df909bb59ebd8922772?s=96&d=mm&r=g","contentUrl":"https:\/\/secure.gravatar.com\/avatar\/53db7482c85f4df909bb59ebd8922772?s=96&d=mm&r=g","caption":"MarcSamson"},"url":"https:\/\/www.marcsamsonartist.com\/fr\/author\/marc-samson\/"}]}},"_links":{"self":[{"href":"https:\/\/www.marcsamsonartist.com\/fr\/wp-json\/wp\/v2\/posts\/9178"}],"collection":[{"href":"https:\/\/www.marcsamsonartist.com\/fr\/wp-json\/wp\/v2\/posts"}],"about":[{"href":"https:\/\/www.marcsamsonartist.com\/fr\/wp-json\/wp\/v2\/types\/post"}],"author":[{"embeddable":true,"href":"https:\/\/www.marcsamsonartist.com\/fr\/wp-json\/wp\/v2\/users\/3"}],"replies":[{"embeddable":true,"href":"https:\/\/www.marcsamsonartist.com\/fr\/wp-json\/wp\/v2\/comments?post=9178"}],"version-history":[{"count":5,"href":"https:\/\/www.marcsamsonartist.com\/fr\/wp-json\/wp\/v2\/posts\/9178\/revisions"}],"predecessor-version":[{"id":9565,"href":"https:\/\/www.marcsamsonartist.com\/fr\/wp-json\/wp\/v2\/posts\/9178\/revisions\/9565"}],"wp:featuredmedia":[{"embeddable":true,"href":"https:\/\/www.marcsamsonartist.com\/fr\/wp-json\/wp\/v2\/media\/9176"}],"wp:attachment":[{"href":"https:\/\/www.marcsamsonartist.com\/fr\/wp-json\/wp\/v2\/media?parent=9178"}],"wp:term":[{"taxonomy":"category","embeddable":true,"href":"https:\/\/www.marcsamsonartist.com\/fr\/wp-json\/wp\/v2\/categories?post=9178"},{"taxonomy":"post_tag","embeddable":true,"href":"https:\/\/www.marcsamsonartist.com\/fr\/wp-json\/wp\/v2\/tags?post=9178"}],"curies":[{"name":"wp","href":"https:\/\/api.w.org\/{rel}","templated":true}]}}