{"id":9122,"date":"2025-03-31T02:00:00","date_gmt":"2025-03-31T06:00:00","guid":{"rendered":"https:\/\/www.marcsamsonartist.com\/?p=9122"},"modified":"2025-04-01T17:13:08","modified_gmt":"2025-04-01T21:13:08","slug":"le-recteur","status":"publish","type":"post","link":"https:\/\/www.marcsamsonartist.com\/fr\/le-recteur\/","title":{"rendered":"LE RECTEUR"},"content":{"rendered":"\n<figure class=\"wp-block-image size-large\"><a href=\"https:\/\/www.marcsamsonartist.com\/wp-content\/uploads\/2024\/12\/emmanuel-III.png\"><img loading=\"lazy\" width=\"798\" height=\"1024\" src=\"https:\/\/www.marcsamsonartist.com\/wp-content\/uploads\/2024\/12\/emmanuel-III-798x1024.png\" alt=\"\" class=\"wp-image-9120\" srcset=\"https:\/\/www.marcsamsonartist.com\/wp-content\/uploads\/2024\/12\/emmanuel-III-798x1024.png 798w, https:\/\/www.marcsamsonartist.com\/wp-content\/uploads\/2024\/12\/emmanuel-III-234x300.png 234w, https:\/\/www.marcsamsonartist.com\/wp-content\/uploads\/2024\/12\/emmanuel-III-768x986.png 768w, https:\/\/www.marcsamsonartist.com\/wp-content\/uploads\/2024\/12\/emmanuel-III-1197x1536.png 1197w, https:\/\/www.marcsamsonartist.com\/wp-content\/uploads\/2024\/12\/emmanuel-III.png 1396w\" sizes=\"(max-width: 798px) 100vw, 798px\" \/><\/a><\/figure>\n\n\n\n<p><strong>LE RECTEUR &#8211; 15\u201d X 19\u201d &#8211; Acrylique et techniques mixtes sur bois<\/strong><\/p>\n\n\n\n<p>Ce portrait met en sc\u00e8ne le plus haut dirigeant de l\u2019Universit\u00e9 de Sherbrooke, mais cette fois\u2026 en vacances!<\/p>\n\n\n\n<p>D\u00e9tendu, il arbore fi\u00e8rement un chapeau de paille, un n\u0153ud papillon et sa chemise pr\u00e9f\u00e9r\u00e9e. Celle-ci, loin d\u2019\u00eatre ordinaire, r\u00e9v\u00e8le des bandes dessin\u00e9es de journaux datant des ann\u00e9es 1940, ajoutant une touche d\u2019histoire \u00e0 son allure. Pour enrichir l\u2019\u0153uvre, un morceau de tissu vient compl\u00e9ter la composition, offrant un \u00e9l\u00e9ment subtil et textur\u00e9.<\/p>\n","protected":false},"excerpt":{"rendered":"<p>LE RECTEUR &#8211; 15\u201d X 19\u201d &#8211; Acrylique et techniques mixtes sur bois Ce portrait met en sc\u00e8ne le plus haut dirigeant de l\u2019Universit\u00e9 de Sherbrooke, mais cette fois\u2026 en vacances! D\u00e9tendu, il arbore fi\u00e8rement un chapeau de paille, un n\u0153ud papillon et sa chemise pr\u00e9f\u00e9r\u00e9e. Celle-ci, loin d\u2019\u00eatre ordinaire, r\u00e9v\u00e8le des bandes dessin\u00e9es de [&hellip;]<\/p>\n","protected":false},"author":3,"featured_media":9120,"comment_status":"closed","ping_status":"open","sticky":false,"template":"","format":"standard","meta":{"ngg_post_thumbnail":0},"categories":[104,39,106,94,87],"tags":[],"yoast_head":"<!-- This site is optimized with the Yoast SEO plugin v18.5.1 - https:\/\/yoast.com\/wordpress\/plugins\/seo\/ -->\n<title>LE RECTEUR | SAMSON ARTISTE<\/title>\n<meta name=\"robots\" content=\"index, follow, max-snippet:-1, max-image-preview:large, max-video-preview:-1\" \/>\n<link rel=\"canonical\" href=\"https:\/\/www.marcsamsonartist.com\/fr\/le-recteur\/\" \/>\n<meta property=\"og:locale\" content=\"fr_FR\" \/>\n<meta property=\"og:type\" content=\"article\" \/>\n<meta property=\"og:title\" content=\"LE RECTEUR | SAMSON ARTISTE\" \/>\n<meta property=\"og:description\" content=\"LE RECTEUR &#8211; 15\u201d X 19\u201d &#8211; Acrylique et techniques mixtes sur bois Ce portrait met en sc\u00e8ne le plus haut dirigeant de l\u2019Universit\u00e9 de Sherbrooke, mais cette fois\u2026 en vacances! D\u00e9tendu, il arbore fi\u00e8rement un chapeau de paille, un n\u0153ud papillon et sa chemise pr\u00e9f\u00e9r\u00e9e. Celle-ci, loin d\u2019\u00eatre ordinaire, r\u00e9v\u00e8le des bandes dessin\u00e9es de [&hellip;]\" \/>\n<meta property=\"og:url\" content=\"https:\/\/www.marcsamsonartist.com\/fr\/le-recteur\/\" \/>\n<meta property=\"og:site_name\" content=\"SAMSON ARTISTE\" \/>\n<meta property=\"article:published_time\" content=\"2025-03-31T06:00:00+00:00\" \/>\n<meta property=\"article:modified_time\" content=\"2025-04-01T21:13:08+00:00\" \/>\n<meta property=\"og:image\" content=\"https:\/\/www.marcsamsonartist.com\/wp-content\/uploads\/2024\/12\/emmanuel-III-798x1024.png\" \/>\n\t<meta property=\"og:image:width\" content=\"798\" \/>\n\t<meta property=\"og:image:height\" content=\"1024\" \/>\n\t<meta property=\"og:image:type\" content=\"image\/png\" \/>\n<meta name=\"twitter:card\" content=\"summary\" \/>\n<meta name=\"twitter:label1\" content=\"\u00c9crit par\" \/>\n\t<meta name=\"twitter:data1\" content=\"MarcSamson\" \/>\n\t<meta name=\"twitter:label2\" content=\"Dur\u00e9e de lecture estim\u00e9e\" \/>\n\t<meta name=\"twitter:data2\" content=\"1 minute\" \/>\n<script type=\"application\/ld+json\" class=\"yoast-schema-graph\">{\"@context\":\"https:\/\/schema.org\",\"@graph\":[{\"@type\":\"WebSite\",\"@id\":\"https:\/\/www.marcsamsonartist.com\/#website\",\"url\":\"https:\/\/www.marcsamsonartist.com\/\",\"name\":\"SAMSON ARTISTE\",\"description\":\"ARTISTE QU\u00c9BECOIS DE NORTH HATLEY\",\"potentialAction\":[{\"@type\":\"SearchAction\",\"target\":{\"@type\":\"EntryPoint\",\"urlTemplate\":\"https:\/\/www.marcsamsonartist.com\/?s={search_term_string}\"},\"query-input\":\"required name=search_term_string\"}],\"inLanguage\":\"fr-FR\"},{\"@type\":\"ImageObject\",\"@id\":\"https:\/\/www.marcsamsonartist.com\/fr\/le-recteur\/#primaryimage\",\"inLanguage\":\"fr-FR\",\"url\":\"https:\/\/www.marcsamsonartist.com\/wp-content\/uploads\/2024\/12\/emmanuel-III.png\",\"contentUrl\":\"https:\/\/www.marcsamsonartist.com\/wp-content\/uploads\/2024\/12\/emmanuel-III.png\",\"width\":1396,\"height\":1792},{\"@type\":\"WebPage\",\"@id\":\"https:\/\/www.marcsamsonartist.com\/fr\/le-recteur\/#webpage\",\"url\":\"https:\/\/www.marcsamsonartist.com\/fr\/le-recteur\/\",\"name\":\"LE RECTEUR | SAMSON ARTISTE\",\"isPartOf\":{\"@id\":\"https:\/\/www.marcsamsonartist.com\/#website\"},\"primaryImageOfPage\":{\"@id\":\"https:\/\/www.marcsamsonartist.com\/fr\/le-recteur\/#primaryimage\"},\"datePublished\":\"2025-03-31T06:00:00+00:00\",\"dateModified\":\"2025-04-01T21:13:08+00:00\",\"author\":{\"@id\":\"https:\/\/www.marcsamsonartist.com\/#\/schema\/person\/08bc17a6bde7a04c5afb76e1c9bc9970\"},\"breadcrumb\":{\"@id\":\"https:\/\/www.marcsamsonartist.com\/fr\/le-recteur\/#breadcrumb\"},\"inLanguage\":\"fr-FR\",\"potentialAction\":[{\"@type\":\"ReadAction\",\"target\":[\"https:\/\/www.marcsamsonartist.com\/fr\/le-recteur\/\"]}]},{\"@type\":\"BreadcrumbList\",\"@id\":\"https:\/\/www.marcsamsonartist.com\/fr\/le-recteur\/#breadcrumb\",\"itemListElement\":[{\"@type\":\"ListItem\",\"position\":1,\"name\":\"Home\",\"item\":\"https:\/\/www.marcsamsonartist.com\/fr\/\"},{\"@type\":\"ListItem\",\"position\":2,\"name\":\"LE RECTEUR\"}]},{\"@type\":\"Person\",\"@id\":\"https:\/\/www.marcsamsonartist.com\/#\/schema\/person\/08bc17a6bde7a04c5afb76e1c9bc9970\",\"name\":\"MarcSamson\",\"image\":{\"@type\":\"ImageObject\",\"@id\":\"https:\/\/www.marcsamsonartist.com\/#personlogo\",\"inLanguage\":\"fr-FR\",\"url\":\"https:\/\/secure.gravatar.com\/avatar\/53db7482c85f4df909bb59ebd8922772?s=96&d=mm&r=g\",\"contentUrl\":\"https:\/\/secure.gravatar.com\/avatar\/53db7482c85f4df909bb59ebd8922772?s=96&d=mm&r=g\",\"caption\":\"MarcSamson\"},\"url\":\"https:\/\/www.marcsamsonartist.com\/fr\/author\/marc-samson\/\"}]}<\/script>\n<!-- \/ Yoast SEO plugin. -->","yoast_head_json":{"title":"LE RECTEUR | SAMSON ARTISTE","robots":{"index":"index","follow":"follow","max-snippet":"max-snippet:-1","max-image-preview":"max-image-preview:large","max-video-preview":"max-video-preview:-1"},"canonical":"https:\/\/www.marcsamsonartist.com\/fr\/le-recteur\/","og_locale":"fr_FR","og_type":"article","og_title":"LE RECTEUR | SAMSON ARTISTE","og_description":"LE RECTEUR &#8211; 15\u201d X 19\u201d &#8211; Acrylique et techniques mixtes sur bois Ce portrait met en sc\u00e8ne le plus haut dirigeant de l\u2019Universit\u00e9 de Sherbrooke, mais cette fois\u2026 en vacances! D\u00e9tendu, il arbore fi\u00e8rement un chapeau de paille, un n\u0153ud papillon et sa chemise pr\u00e9f\u00e9r\u00e9e. Celle-ci, loin d\u2019\u00eatre ordinaire, r\u00e9v\u00e8le des bandes dessin\u00e9es de [&hellip;]","og_url":"https:\/\/www.marcsamsonartist.com\/fr\/le-recteur\/","og_site_name":"SAMSON ARTISTE","article_published_time":"2025-03-31T06:00:00+00:00","article_modified_time":"2025-04-01T21:13:08+00:00","og_image":[{"width":798,"height":1024,"url":"https:\/\/www.marcsamsonartist.com\/wp-content\/uploads\/2024\/12\/emmanuel-III-798x1024.png","type":"image\/png"}],"twitter_card":"summary","twitter_misc":{"\u00c9crit par":"MarcSamson","Dur\u00e9e de lecture estim\u00e9e":"1 minute"},"schema":{"@context":"https:\/\/schema.org","@graph":[{"@type":"WebSite","@id":"https:\/\/www.marcsamsonartist.com\/#website","url":"https:\/\/www.marcsamsonartist.com\/","name":"SAMSON ARTISTE","description":"ARTISTE QU\u00c9BECOIS DE NORTH HATLEY","potentialAction":[{"@type":"SearchAction","target":{"@type":"EntryPoint","urlTemplate":"https:\/\/www.marcsamsonartist.com\/?s={search_term_string}"},"query-input":"required name=search_term_string"}],"inLanguage":"fr-FR"},{"@type":"ImageObject","@id":"https:\/\/www.marcsamsonartist.com\/fr\/le-recteur\/#primaryimage","inLanguage":"fr-FR","url":"https:\/\/www.marcsamsonartist.com\/wp-content\/uploads\/2024\/12\/emmanuel-III.png","contentUrl":"https:\/\/www.marcsamsonartist.com\/wp-content\/uploads\/2024\/12\/emmanuel-III.png","width":1396,"height":1792},{"@type":"WebPage","@id":"https:\/\/www.marcsamsonartist.com\/fr\/le-recteur\/#webpage","url":"https:\/\/www.marcsamsonartist.com\/fr\/le-recteur\/","name":"LE RECTEUR | SAMSON ARTISTE","isPartOf":{"@id":"https:\/\/www.marcsamsonartist.com\/#website"},"primaryImageOfPage":{"@id":"https:\/\/www.marcsamsonartist.com\/fr\/le-recteur\/#primaryimage"},"datePublished":"2025-03-31T06:00:00+00:00","dateModified":"2025-04-01T21:13:08+00:00","author":{"@id":"https:\/\/www.marcsamsonartist.com\/#\/schema\/person\/08bc17a6bde7a04c5afb76e1c9bc9970"},"breadcrumb":{"@id":"https:\/\/www.marcsamsonartist.com\/fr\/le-recteur\/#breadcrumb"},"inLanguage":"fr-FR","potentialAction":[{"@type":"ReadAction","target":["https:\/\/www.marcsamsonartist.com\/fr\/le-recteur\/"]}]},{"@type":"BreadcrumbList","@id":"https:\/\/www.marcsamsonartist.com\/fr\/le-recteur\/#breadcrumb","itemListElement":[{"@type":"ListItem","position":1,"name":"Home","item":"https:\/\/www.marcsamsonartist.com\/fr\/"},{"@type":"ListItem","position":2,"name":"LE RECTEUR"}]},{"@type":"Person","@id":"https:\/\/www.marcsamsonartist.com\/#\/schema\/person\/08bc17a6bde7a04c5afb76e1c9bc9970","name":"MarcSamson","image":{"@type":"ImageObject","@id":"https:\/\/www.marcsamsonartist.com\/#personlogo","inLanguage":"fr-FR","url":"https:\/\/secure.gravatar.com\/avatar\/53db7482c85f4df909bb59ebd8922772?s=96&d=mm&r=g","contentUrl":"https:\/\/secure.gravatar.com\/avatar\/53db7482c85f4df909bb59ebd8922772?s=96&d=mm&r=g","caption":"MarcSamson"},"url":"https:\/\/www.marcsamsonartist.com\/fr\/author\/marc-samson\/"}]}},"_links":{"self":[{"href":"https:\/\/www.marcsamsonartist.com\/fr\/wp-json\/wp\/v2\/posts\/9122"}],"collection":[{"href":"https:\/\/www.marcsamsonartist.com\/fr\/wp-json\/wp\/v2\/posts"}],"about":[{"href":"https:\/\/www.marcsamsonartist.com\/fr\/wp-json\/wp\/v2\/types\/post"}],"author":[{"embeddable":true,"href":"https:\/\/www.marcsamsonartist.com\/fr\/wp-json\/wp\/v2\/users\/3"}],"replies":[{"embeddable":true,"href":"https:\/\/www.marcsamsonartist.com\/fr\/wp-json\/wp\/v2\/comments?post=9122"}],"version-history":[{"count":6,"href":"https:\/\/www.marcsamsonartist.com\/fr\/wp-json\/wp\/v2\/posts\/9122\/revisions"}],"predecessor-version":[{"id":9568,"href":"https:\/\/www.marcsamsonartist.com\/fr\/wp-json\/wp\/v2\/posts\/9122\/revisions\/9568"}],"wp:featuredmedia":[{"embeddable":true,"href":"https:\/\/www.marcsamsonartist.com\/fr\/wp-json\/wp\/v2\/media\/9120"}],"wp:attachment":[{"href":"https:\/\/www.marcsamsonartist.com\/fr\/wp-json\/wp\/v2\/media?parent=9122"}],"wp:term":[{"taxonomy":"category","embeddable":true,"href":"https:\/\/www.marcsamsonartist.com\/fr\/wp-json\/wp\/v2\/categories?post=9122"},{"taxonomy":"post_tag","embeddable":true,"href":"https:\/\/www.marcsamsonartist.com\/fr\/wp-json\/wp\/v2\/tags?post=9122"}],"curies":[{"name":"wp","href":"https:\/\/api.w.org\/{rel}","templated":true}]}}