{"id":8844,"date":"2023-11-18T16:20:37","date_gmt":"2023-11-18T21:20:37","guid":{"rendered":"https:\/\/www.marcsamsonartist.com\/?p=8844"},"modified":"2023-11-18T16:20:52","modified_gmt":"2023-11-18T21:20:52","slug":"year-of-the-legend","status":"publish","type":"post","link":"https:\/\/www.marcsamsonartist.com\/fr\/year-of-the-legend\/","title":{"rendered":"Year of the legend"},"content":{"rendered":"\n<figure class=\"wp-block-image size-large is-style-default\"><a href=\"https:\/\/www.marcsamsonartist.com\/wp-content\/uploads\/2023\/11\/year-of-the-legend-final-scaled.jpg\"><img loading=\"lazy\" width=\"601\" height=\"1024\" src=\"https:\/\/www.marcsamsonartist.com\/wp-content\/uploads\/2023\/11\/year-of-the-legend-final-601x1024.jpg\" alt=\"\" class=\"wp-image-8841\" srcset=\"https:\/\/www.marcsamsonartist.com\/wp-content\/uploads\/2023\/11\/year-of-the-legend-final-601x1024.jpg 601w, https:\/\/www.marcsamsonartist.com\/wp-content\/uploads\/2023\/11\/year-of-the-legend-final-176x300.jpg 176w, https:\/\/www.marcsamsonartist.com\/wp-content\/uploads\/2023\/11\/year-of-the-legend-final-768x1308.jpg 768w, https:\/\/www.marcsamsonartist.com\/wp-content\/uploads\/2023\/11\/year-of-the-legend-final-902x1536.jpg 902w, https:\/\/www.marcsamsonartist.com\/wp-content\/uploads\/2023\/11\/year-of-the-legend-final-1202x2048.jpg 1202w, https:\/\/www.marcsamsonartist.com\/wp-content\/uploads\/2023\/11\/year-of-the-legend-final-scaled.jpg 1503w\" sizes=\"(max-width: 601px) 100vw, 601px\" \/><\/a><\/figure>\n\n\n\n<p><strong>\u201cYEAR OF THE LEGEND\u201d &#8211; 24\u201d X 40\u201d &#8211; Acrylique et techniques mixtes sur bois.<\/strong><\/p>\n\n\n\n<p>Cette oeuvre c\u00e9l\u00e8bre les 50 ans d\u2019un grand homme. &nbsp;<\/p>\n\n\n\n<p>Entre les couches de peinture vous discernerez plusieurs items propres \u00e0 son cheminement.<\/p>\n\n\n\n<p>Cette oeuvre relate bri\u00e8vement les tout d\u00e9buts de notre musicien ROCK \u2019N\u2019 ROLL.&nbsp; Afin de souligner cette phase, je vous am\u00e8ne \u00e0 diriger votre attention vers le speedboat qui d\u00e9montre les affinit\u00e9s du quinquag\u00e9naire aux sports aquatiques. Si vous regardez bien \u00e0 travers les eaux qui le supportent, vous trouverez les pr\u00e9noms de ceux avec qui il aura commenc\u00e9 \u00e0 s\u2019aventurer dans le monde de la musique.&nbsp; On parle ici de ses grands amis du C\u00c9GEP, Michel et Andrea.&nbsp; Remarquez aussi la marque de l\u2019embarcation Spencer, afin d\u2019honorer celui avec qui, \u00e0 ce jour, fait ses sessions de jamming et l\u2019accompagne dans la plupart de ses folies musicales.&nbsp; F\u00e9lix, l\u2019un des fils de Mathieu fait aussi partie du \u201cjamming group\u201d de l\u2019heure et est repr\u00e9sent\u00e9 par F\u00e9lix le Chat que je vous laisse en d\u00e9fi de rep\u00e9rer.<\/p>\n\n\n\n<p>Vous vous demandez peut-\u00eatre qu\u2019est-ce que le coyote des comiques Road Runner fait sur cette cr\u00e9ation.&nbsp; Ici, j\u2019ai d\u00e9cid\u00e9 de faire le parall\u00e8le avec les escapades, les tr\u00e9buches, les blessures de Mathieu vs celles du fameux coyote.&nbsp; Si j\u2019en relate que quelques-unes, vous vous souvenez surement que notre aventureux s\u2019aura fracasser le pied avec une zip-line homemade, tordu le genou, d\u00e9chirer le biceps et d\u00e9figurer le visage en ski nautique, et j\u2019en passe\u2026 Nos deux braves savent se relever apr\u00e8s leurs m\u00e9saventures sans toutefois y apprendre aucune le\u00e7on sur la loi de la gravit\u00e9.<\/p>\n\n\n\n<p>Le \u201cA\u201d en rouge vif, repr\u00e9sente non-seulement la premi\u00e8re lettre de Abbott mais aussi ALPHA, le m\u00e2le dominant qui rayonne et qui d\u00e9borde d\u2019assurance du haut de ses 5 pieds et quelques pouces.<\/p>\n\n\n\n<p>Si vous cherchez bien, vous trouverez des partitions musicales et paroles de certaines de ses chansons de pr\u00e9dilection.&nbsp; \u00c0 travers les cordes de l\u2019instrument, rep\u00e8rez; \u201cMoney\u201d du groupe Pink Floyd ainsi que la chanson \u201cDark side of the moon\u201d du l\u00e9gendaire Peter Gabriel (voir aussi pochette de l\u2019album).&nbsp; &nbsp;<\/p>\n\n\n\n<p>PRIMO repr\u00e9sente sa guitare pr\u00e9f\u00e9r\u00e9e, qui est maintenant celle-ci, une de marque BOUCHER fabriqu\u00e9e sur mesure ici m\u00eame, dans la belle province.&nbsp; Alors, non-seulement il aura re\u00e7u une BOUCHER comme cadeau de f\u00eate mais aussi une deuxi\u00e8me version, cette fois, sign\u00e9e SAMSON.&nbsp;<\/p>\n\n\n\n<p>Dans le bas de la guitare, vous rep\u00e9rez trois violettes africaines.&nbsp; Celles-ci sont les fleurs pr\u00e9f\u00e9r\u00e9es de Marie-H\u00e9l\u00e8ne, la m\u00e8re et la top number 1 fan de Mathieu.&nbsp; Ces trois fleurs repr\u00e9sentent leurs trois enfants ador\u00e9s, Chlo\u00e9, Nicolas et F\u00e9lix.<\/p>\n\n\n\n<p>Outre les talents musicaux de Mathieu, son charisme, son leadership, sa joie de vivre et son immense sourire qui sait charmer son audience, font que nous sommes tous r\u00e9unis ce soir pour le c\u00e9l\u00e9brer.&nbsp; L\u2019item # 1 FAN en avant-plan r\u00e9sume bien l\u2019amour et l\u2019\u00e9nergie que notre jubilaire m\u00e9rite de recevoir en cette grande occasion. En effet, nous sommes tous un gang de groupies, et tous des # 1 fans.&nbsp;<\/p>\n\n\n\n<p>J\u2019ai intitul\u00e9 cette cr\u00e9ation \u201cYEAR OF THE LEGEND\u201d car en 1973 \u00e9tait n\u00e9 un \u00eatre bien sp\u00e9cial.&nbsp; Nous sommes tous tr\u00e8s choy\u00e9s d\u2019avoir \u00e9t\u00e9 illumin\u00e9s par sa pr\u00e9sence tout au long de son cheminement.&nbsp; &nbsp;<\/p>\n\n\n\n<p>Pour terminer, je voudrais remercier Marie-H\u00e9l\u00e8ne pour m\u2019avoir fait confiance dans la cr\u00e9ation de cette oeuvre.&nbsp; Que celle-ci vous fasse sourire \u00e0 chaque fois que vous lui posez regard et qu\u2019elle vous rappelle vos moments pass\u00e9s avec ceux qui vous inspire tout comme Mathieu sait si bien le faire, naturellement.<\/p>\n\n\n\n<p>Merci \u00e0 vous tous, merci Mathieu d\u2019\u00eatre ce que tu es et bonne c\u00e9l\u00e9bration.<\/p>\n\n\n\n<p>Avec vous, tout en couleurs,<\/p>\n\n\n\n<p>SAMSON<\/p>\n","protected":false},"excerpt":{"rendered":"<p>\u201cYEAR OF THE LEGEND\u201d &#8211; 24\u201d X 40\u201d &#8211; Acrylique et techniques mixtes sur bois. Cette oeuvre c\u00e9l\u00e8bre les 50 ans d\u2019un grand homme. &nbsp; Entre les couches de peinture vous discernerez plusieurs items propres \u00e0 son cheminement. Cette oeuvre relate bri\u00e8vement les tout d\u00e9buts de notre musicien ROCK \u2019N\u2019 ROLL.&nbsp; Afin de souligner cette [&hellip;]<\/p>\n","protected":false},"author":3,"featured_media":8841,"comment_status":"closed","ping_status":"open","sticky":false,"template":"","format":"standard","meta":{"ngg_post_thumbnail":0},"categories":[55],"tags":[],"yoast_head":"<!-- This site is optimized with the Yoast SEO plugin v18.5.1 - https:\/\/yoast.com\/wordpress\/plugins\/seo\/ -->\n<title>Year of the legend | SAMSON ARTISTE<\/title>\n<meta name=\"robots\" content=\"index, follow, max-snippet:-1, max-image-preview:large, max-video-preview:-1\" \/>\n<link rel=\"canonical\" href=\"https:\/\/www.marcsamsonartist.com\/fr\/year-of-the-legend\/\" \/>\n<meta property=\"og:locale\" content=\"fr_FR\" \/>\n<meta property=\"og:type\" content=\"article\" \/>\n<meta property=\"og:title\" content=\"Year of the legend | SAMSON ARTISTE\" \/>\n<meta property=\"og:description\" content=\"\u201cYEAR OF THE LEGEND\u201d &#8211; 24\u201d X 40\u201d &#8211; Acrylique et techniques mixtes sur bois. Cette oeuvre c\u00e9l\u00e8bre les 50 ans d\u2019un grand homme. &nbsp; Entre les couches de peinture vous discernerez plusieurs items propres \u00e0 son cheminement. Cette oeuvre relate bri\u00e8vement les tout d\u00e9buts de notre musicien ROCK \u2019N\u2019 ROLL.&nbsp; Afin de souligner cette [&hellip;]\" \/>\n<meta property=\"og:url\" content=\"https:\/\/www.marcsamsonartist.com\/fr\/year-of-the-legend\/\" \/>\n<meta property=\"og:site_name\" content=\"SAMSON ARTISTE\" \/>\n<meta property=\"article:published_time\" content=\"2023-11-18T21:20:37+00:00\" \/>\n<meta property=\"article:modified_time\" content=\"2023-11-18T21:20:52+00:00\" \/>\n<meta property=\"og:image\" content=\"https:\/\/www.marcsamsonartist.com\/wp-content\/uploads\/2023\/11\/year-of-the-legend-final-scaled.jpg\" \/>\n\t<meta property=\"og:image:width\" content=\"1503\" \/>\n\t<meta property=\"og:image:height\" content=\"2560\" \/>\n\t<meta property=\"og:image:type\" content=\"image\/jpeg\" \/>\n<meta name=\"twitter:card\" content=\"summary\" \/>\n<meta name=\"twitter:label1\" content=\"\u00c9crit par\" \/>\n\t<meta name=\"twitter:data1\" content=\"MarcSamson\" \/>\n\t<meta name=\"twitter:label2\" content=\"Dur\u00e9e de lecture estim\u00e9e\" \/>\n\t<meta name=\"twitter:data2\" content=\"3 minutes\" \/>\n<script type=\"application\/ld+json\" class=\"yoast-schema-graph\">{\"@context\":\"https:\/\/schema.org\",\"@graph\":[{\"@type\":\"WebSite\",\"@id\":\"https:\/\/www.marcsamsonartist.com\/#website\",\"url\":\"https:\/\/www.marcsamsonartist.com\/\",\"name\":\"SAMSON ARTISTE\",\"description\":\"ARTISTE QU\u00c9BECOIS DE NORTH HATLEY\",\"potentialAction\":[{\"@type\":\"SearchAction\",\"target\":{\"@type\":\"EntryPoint\",\"urlTemplate\":\"https:\/\/www.marcsamsonartist.com\/?s={search_term_string}\"},\"query-input\":\"required name=search_term_string\"}],\"inLanguage\":\"fr-FR\"},{\"@type\":\"ImageObject\",\"@id\":\"https:\/\/www.marcsamsonartist.com\/fr\/year-of-the-legend\/#primaryimage\",\"inLanguage\":\"fr-FR\",\"url\":\"https:\/\/www.marcsamsonartist.com\/wp-content\/uploads\/2023\/11\/year-of-the-legend-final-scaled.jpg\",\"contentUrl\":\"https:\/\/www.marcsamsonartist.com\/wp-content\/uploads\/2023\/11\/year-of-the-legend-final-scaled.jpg\",\"width\":1503,\"height\":2560},{\"@type\":\"WebPage\",\"@id\":\"https:\/\/www.marcsamsonartist.com\/fr\/year-of-the-legend\/#webpage\",\"url\":\"https:\/\/www.marcsamsonartist.com\/fr\/year-of-the-legend\/\",\"name\":\"Year of the legend | SAMSON ARTISTE\",\"isPartOf\":{\"@id\":\"https:\/\/www.marcsamsonartist.com\/#website\"},\"primaryImageOfPage\":{\"@id\":\"https:\/\/www.marcsamsonartist.com\/fr\/year-of-the-legend\/#primaryimage\"},\"datePublished\":\"2023-11-18T21:20:37+00:00\",\"dateModified\":\"2023-11-18T21:20:52+00:00\",\"author\":{\"@id\":\"https:\/\/www.marcsamsonartist.com\/#\/schema\/person\/08bc17a6bde7a04c5afb76e1c9bc9970\"},\"breadcrumb\":{\"@id\":\"https:\/\/www.marcsamsonartist.com\/fr\/year-of-the-legend\/#breadcrumb\"},\"inLanguage\":\"fr-FR\",\"potentialAction\":[{\"@type\":\"ReadAction\",\"target\":[\"https:\/\/www.marcsamsonartist.com\/fr\/year-of-the-legend\/\"]}]},{\"@type\":\"BreadcrumbList\",\"@id\":\"https:\/\/www.marcsamsonartist.com\/fr\/year-of-the-legend\/#breadcrumb\",\"itemListElement\":[{\"@type\":\"ListItem\",\"position\":1,\"name\":\"Home\",\"item\":\"https:\/\/www.marcsamsonartist.com\/fr\/\"},{\"@type\":\"ListItem\",\"position\":2,\"name\":\"Year of the legend\"}]},{\"@type\":\"Person\",\"@id\":\"https:\/\/www.marcsamsonartist.com\/#\/schema\/person\/08bc17a6bde7a04c5afb76e1c9bc9970\",\"name\":\"MarcSamson\",\"image\":{\"@type\":\"ImageObject\",\"@id\":\"https:\/\/www.marcsamsonartist.com\/#personlogo\",\"inLanguage\":\"fr-FR\",\"url\":\"https:\/\/secure.gravatar.com\/avatar\/53db7482c85f4df909bb59ebd8922772?s=96&d=mm&r=g\",\"contentUrl\":\"https:\/\/secure.gravatar.com\/avatar\/53db7482c85f4df909bb59ebd8922772?s=96&d=mm&r=g\",\"caption\":\"MarcSamson\"},\"url\":\"https:\/\/www.marcsamsonartist.com\/fr\/author\/marc-samson\/\"}]}<\/script>\n<!-- \/ Yoast SEO plugin. -->","yoast_head_json":{"title":"Year of the legend | SAMSON ARTISTE","robots":{"index":"index","follow":"follow","max-snippet":"max-snippet:-1","max-image-preview":"max-image-preview:large","max-video-preview":"max-video-preview:-1"},"canonical":"https:\/\/www.marcsamsonartist.com\/fr\/year-of-the-legend\/","og_locale":"fr_FR","og_type":"article","og_title":"Year of the legend | SAMSON ARTISTE","og_description":"\u201cYEAR OF THE LEGEND\u201d &#8211; 24\u201d X 40\u201d &#8211; Acrylique et techniques mixtes sur bois. Cette oeuvre c\u00e9l\u00e8bre les 50 ans d\u2019un grand homme. &nbsp; Entre les couches de peinture vous discernerez plusieurs items propres \u00e0 son cheminement. Cette oeuvre relate bri\u00e8vement les tout d\u00e9buts de notre musicien ROCK \u2019N\u2019 ROLL.&nbsp; Afin de souligner cette [&hellip;]","og_url":"https:\/\/www.marcsamsonartist.com\/fr\/year-of-the-legend\/","og_site_name":"SAMSON ARTISTE","article_published_time":"2023-11-18T21:20:37+00:00","article_modified_time":"2023-11-18T21:20:52+00:00","og_image":[{"width":1503,"height":2560,"url":"https:\/\/www.marcsamsonartist.com\/wp-content\/uploads\/2023\/11\/year-of-the-legend-final-scaled.jpg","type":"image\/jpeg"}],"twitter_card":"summary","twitter_misc":{"\u00c9crit par":"MarcSamson","Dur\u00e9e de lecture estim\u00e9e":"3 minutes"},"schema":{"@context":"https:\/\/schema.org","@graph":[{"@type":"WebSite","@id":"https:\/\/www.marcsamsonartist.com\/#website","url":"https:\/\/www.marcsamsonartist.com\/","name":"SAMSON ARTISTE","description":"ARTISTE QU\u00c9BECOIS DE NORTH HATLEY","potentialAction":[{"@type":"SearchAction","target":{"@type":"EntryPoint","urlTemplate":"https:\/\/www.marcsamsonartist.com\/?s={search_term_string}"},"query-input":"required name=search_term_string"}],"inLanguage":"fr-FR"},{"@type":"ImageObject","@id":"https:\/\/www.marcsamsonartist.com\/fr\/year-of-the-legend\/#primaryimage","inLanguage":"fr-FR","url":"https:\/\/www.marcsamsonartist.com\/wp-content\/uploads\/2023\/11\/year-of-the-legend-final-scaled.jpg","contentUrl":"https:\/\/www.marcsamsonartist.com\/wp-content\/uploads\/2023\/11\/year-of-the-legend-final-scaled.jpg","width":1503,"height":2560},{"@type":"WebPage","@id":"https:\/\/www.marcsamsonartist.com\/fr\/year-of-the-legend\/#webpage","url":"https:\/\/www.marcsamsonartist.com\/fr\/year-of-the-legend\/","name":"Year of the legend | SAMSON ARTISTE","isPartOf":{"@id":"https:\/\/www.marcsamsonartist.com\/#website"},"primaryImageOfPage":{"@id":"https:\/\/www.marcsamsonartist.com\/fr\/year-of-the-legend\/#primaryimage"},"datePublished":"2023-11-18T21:20:37+00:00","dateModified":"2023-11-18T21:20:52+00:00","author":{"@id":"https:\/\/www.marcsamsonartist.com\/#\/schema\/person\/08bc17a6bde7a04c5afb76e1c9bc9970"},"breadcrumb":{"@id":"https:\/\/www.marcsamsonartist.com\/fr\/year-of-the-legend\/#breadcrumb"},"inLanguage":"fr-FR","potentialAction":[{"@type":"ReadAction","target":["https:\/\/www.marcsamsonartist.com\/fr\/year-of-the-legend\/"]}]},{"@type":"BreadcrumbList","@id":"https:\/\/www.marcsamsonartist.com\/fr\/year-of-the-legend\/#breadcrumb","itemListElement":[{"@type":"ListItem","position":1,"name":"Home","item":"https:\/\/www.marcsamsonartist.com\/fr\/"},{"@type":"ListItem","position":2,"name":"Year of the legend"}]},{"@type":"Person","@id":"https:\/\/www.marcsamsonartist.com\/#\/schema\/person\/08bc17a6bde7a04c5afb76e1c9bc9970","name":"MarcSamson","image":{"@type":"ImageObject","@id":"https:\/\/www.marcsamsonartist.com\/#personlogo","inLanguage":"fr-FR","url":"https:\/\/secure.gravatar.com\/avatar\/53db7482c85f4df909bb59ebd8922772?s=96&d=mm&r=g","contentUrl":"https:\/\/secure.gravatar.com\/avatar\/53db7482c85f4df909bb59ebd8922772?s=96&d=mm&r=g","caption":"MarcSamson"},"url":"https:\/\/www.marcsamsonartist.com\/fr\/author\/marc-samson\/"}]}},"_links":{"self":[{"href":"https:\/\/www.marcsamsonartist.com\/fr\/wp-json\/wp\/v2\/posts\/8844"}],"collection":[{"href":"https:\/\/www.marcsamsonartist.com\/fr\/wp-json\/wp\/v2\/posts"}],"about":[{"href":"https:\/\/www.marcsamsonartist.com\/fr\/wp-json\/wp\/v2\/types\/post"}],"author":[{"embeddable":true,"href":"https:\/\/www.marcsamsonartist.com\/fr\/wp-json\/wp\/v2\/users\/3"}],"replies":[{"embeddable":true,"href":"https:\/\/www.marcsamsonartist.com\/fr\/wp-json\/wp\/v2\/comments?post=8844"}],"version-history":[{"count":1,"href":"https:\/\/www.marcsamsonartist.com\/fr\/wp-json\/wp\/v2\/posts\/8844\/revisions"}],"predecessor-version":[{"id":8845,"href":"https:\/\/www.marcsamsonartist.com\/fr\/wp-json\/wp\/v2\/posts\/8844\/revisions\/8845"}],"wp:featuredmedia":[{"embeddable":true,"href":"https:\/\/www.marcsamsonartist.com\/fr\/wp-json\/wp\/v2\/media\/8841"}],"wp:attachment":[{"href":"https:\/\/www.marcsamsonartist.com\/fr\/wp-json\/wp\/v2\/media?parent=8844"}],"wp:term":[{"taxonomy":"category","embeddable":true,"href":"https:\/\/www.marcsamsonartist.com\/fr\/wp-json\/wp\/v2\/categories?post=8844"},{"taxonomy":"post_tag","embeddable":true,"href":"https:\/\/www.marcsamsonartist.com\/fr\/wp-json\/wp\/v2\/tags?post=8844"}],"curies":[{"name":"wp","href":"https:\/\/api.w.org\/{rel}","templated":true}]}}