{"id":8783,"date":"2023-10-24T09:24:18","date_gmt":"2023-10-24T13:24:18","guid":{"rendered":"https:\/\/www.marcsamsonartist.com\/?p=8783"},"modified":"2023-10-24T09:27:52","modified_gmt":"2023-10-24T13:27:52","slug":"prochaine-etape","status":"publish","type":"post","link":"https:\/\/www.marcsamsonartist.com\/fr\/prochaine-etape\/","title":{"rendered":"Prochaine \u00c9tape"},"content":{"rendered":"\n<figure class=\"wp-block-image size-large is-style-default\"><a href=\"https:\/\/www.marcsamsonartist.com\/wp-content\/uploads\/2023\/10\/prochaine-etape.png\"><img loading=\"lazy\" width=\"1024\" height=\"773\" src=\"https:\/\/www.marcsamsonartist.com\/wp-content\/uploads\/2023\/10\/prochaine-etape-1024x773.png\" alt=\"\" class=\"wp-image-8781\" srcset=\"https:\/\/www.marcsamsonartist.com\/wp-content\/uploads\/2023\/10\/prochaine-etape-1024x773.png 1024w, https:\/\/www.marcsamsonartist.com\/wp-content\/uploads\/2023\/10\/prochaine-etape-300x227.png 300w, https:\/\/www.marcsamsonartist.com\/wp-content\/uploads\/2023\/10\/prochaine-etape-768x580.png 768w, https:\/\/www.marcsamsonartist.com\/wp-content\/uploads\/2023\/10\/prochaine-etape-1536x1160.png 1536w, https:\/\/www.marcsamsonartist.com\/wp-content\/uploads\/2023\/10\/prochaine-etape-2048x1546.png 2048w\" sizes=\"(max-width: 1024px) 100vw, 1024px\" \/><\/a><\/figure>\n\n\n\n<p><strong>PROCHAINE \u00c9TAPE &#8211; 40\u201d X 30\u201d &#8211; Acrylique et techniques mixtes sur bois.<\/strong><\/p>\n\n\n\n<p>Bonjour \u00e0 tous!<\/p>\n\n\n\n<p>Alors voil\u00e0 une grande surprise Bernard!<\/p>\n\n\n\n<p>Je vous pr\u00e9sente ma version d\u2019un v\u00e9lo de course.&nbsp; Il n\u2019est peut-\u00eatre pas celui qui vous fera gagner le tour de France; cependant, il vous fera vivre plusieurs \u00e9motions et ce, pour des d\u00e9cennies \u00e0 venir.<\/p>\n\n\n\n<p>Cette cr\u00e9ation, c\u00e9l\u00e8bre notre pr\u00e9sident d\u2019Amundi maintenant casi-retrait\u00e9, Bernard Vives.<\/p>\n\n\n\n<p>Entre les couches de peintures, vous rep\u00e9rerez plusieurs items propres au parcours intens\u00e9ment color\u00e9 de Monsieur Vives.<\/p>\n\n\n\n<p>Sur le cadre du v\u00e9lo, vous d\u00e9nicherez des articles de la revue V\u00e9lo-Mag (50 ans d\u2019histoire) racontant l\u2019\u00e9volution du v\u00e9lo au Qu\u00e9bec.&nbsp;<\/p>\n\n\n\n<p>Bernard poss\u00e8de une double nationalit\u00e9 franco-canadienne. Rep\u00e9rez donc les couleurs du drapeau de la France, la feuille d\u2019\u00e9rable qui repr\u00e9sente le Canada et la fleur de lys, celle de la belle province.&nbsp; La plupart des cyclistes choisirait l\u2019eau EVIAN pour s\u2019hydrater, cependant, Bernard pr\u00e9f\u00e8re s\u2019approvisionner de la Cuv\u00e9e Lyonnaise. Notez sur l\u2019\u00e9tiquette de la bouteille l\u2019embl\u00e8me de la vile de Lyon, l\u00e0 ou r\u00e9side Bernard et Isabelle en France. Puisqu\u2019on parle de viticulture, on m\u2019a dit que l\u2019un de ses vins rouges pr\u00e9f\u00e9r\u00e9s sont ceux de la rive droite du Rh\u00f4ne, plus pr\u00e9cis\u00e9ment de C\u00f4te-Rotie (voir r\u00e9f\u00e9rence).<\/p>\n\n\n\n<p>Ses accomplissements multiples dans le monde des affaires et des finances son innombrables (voir ici les r\u00e9f\u00e9rences du Credit Agricole ainsi que les Investissements Amundi). En effet, notre hyperactif (selon Sonja et Chantal) a aussi fait ses preuves avec la Chambre de Commerce Fran\u00e7aise au Canada, La Soci\u00e9t\u00e9 G\u00e9n\u00e9rale CIB, Le comit\u00e9 National des Conseillers du Commerce ext\u00e9rieur de la France et je me permets d\u2019en passer. &nbsp;<\/p>\n\n\n\n<p>Vous savez tous que Bernard a un r\u00e9servoir d\u2019\u00e9nergie d\u00e9mesur\u00e9 alors vous le verrez p\u00e9daler en rond \u00e0 toute vitesse au V\u00e9lodrome et au Circuite Gilles Villeneuve et ce, pendant des heures. Si vous ne le trouvez pas \u00e0 v\u00e9lo, vous le trouverez sur ski de fond ou alpin ou dans les bois en randonn\u00e9e alpine.&nbsp; Etes-vous tous d\u00e9j\u00e0 essouffl\u00e9s ?<\/p>\n\n\n\n<p>Sa famille est une grande fiert\u00e9 pour lui.&nbsp; Les trois \u00e9toiles en bronze sur la roue arri\u00e8re repr\u00e9sentent ses enfants Caroline, Charly et Maxime. Ces derniers lui servent de carburant en le motivant \u00e0 toujours rest\u00e9 en contact avec sa jeunesse int\u00e9rieure.&nbsp; Sa femme Isabelle, repr\u00e9sent\u00e9e par les lettres I.S.B.L. sur la roue avant embarque dans la plupart de ses folies et lorsque Bernard se dirige vers le foss\u00e9, \u00e7a sera elle qui le remettra sur la route afin qu\u2019il maintienne le bon \u00e9quilibre de sa \u201cb\u00e9cane\u201d.&nbsp; Pour completer la famille, vous avez sans doute remarqu\u00e9 le chat avec noeud papillon discr\u00e8tement perch\u00e9 sur le porte-bagage.&nbsp; Je vous pr\u00e9sente Paxou. Il occupe aussi une place importante dans la famille et a son role \u00e0 jou\u00e9 dans le bien-\u00eatre de Bernard car il lui am\u00e8ne comfort, compr\u00e9hension et pure bonheur.<\/p>\n\n\n\n<p>Dans ses temps-libres, m\u00eame si cela semble \u00eatre une antith\u00e8se, il gratte la guitare.&nbsp; Je vous donne le d\u00e9fi de deviner ce qui repr\u00e9sente le hobby.&nbsp;<\/p>\n\n\n\n<p>En ce qui a trait \u00e0 Calim\u00e9ro, on l\u2019adore tous.&nbsp; Bernard aurait une affection particuli\u00e8re pour ce personnage attachant. &nbsp;<\/p>\n\n\n\n<p>J\u2019ai intitul\u00e9 cette cr\u00e9ation \u201cPROCHAINE \u00c9TAPE\u201d car chacune des \u00e9tapes de sa vie est remplie de challenges et l\u2019appelle \u00e0 se d\u00e9passer afin qu\u2019il puisse r\u00e9pondre aux exigences et attentes de la t\u00e2che en question. &nbsp;<\/p>\n\n\n\n<p>En court de route, ce cheminement l\u2019a amen\u00e9 \u00e0 faire des rencontres inoubliables avec qui il gardera de doux souvenirs pour le restant de ses jours.<\/p>\n\n\n\n<p>Aujourd\u2019hui, le 23 octobre 2023 (voir les chiffres romains XXIII sur la roue avant), nous sommes tous r\u00e9unis cher Bernard pour te dire merci pour tout ce que tu es et pour la grande diff\u00e9rence que tu auras faite parmi notre belle \u00e9quipe. Nous en serons \u00e0 jamais reconnaissants. Tout le monde ici te supporte vers la PROCHAINE \u00c9TAPE qui se pr\u00e9sente \u00e0 toi. &nbsp;<\/p>\n\n\n\n<p>Le temps est maintenant venu de passer le flambeau \u00e0 \u00c9ric afin que celui-ci honore tout ce que tu auras sem\u00e9 ces derni\u00e8res ann\u00e9es avec Amundi. Ah oui, on me dit que si jamais tu as un d\u00e9sir insatiable du fameux g\u00e2teau aux bleuets de Susan, tu sauras o\u00f9 le trouver\u2026&nbsp;<\/p>\n\n\n\n<p>Je voudrais remercier Chantal, Sonja et toute l\u2019\u00e9quipe des Investissements Amundi pour m\u2019avoir fait confiance dans la cr\u00e9ation de cette oeuvre. Que celle-ci vous fasse sourire \u00e0 chaque fois que vous lui posez regard et qu\u2019elle vous motive \u00e0 vous surpasser dans tout ce que vous entreprenez, tout comme l\u2019a fait et le fera pour toujours, notre ami Bernard.<\/p>\n\n\n\n<p>Avec vous, tout en couleurs,<\/p>\n\n\n\n<p>SAMSON<\/p>\n","protected":false},"excerpt":{"rendered":"<p>PROCHAINE \u00c9TAPE &#8211; 40\u201d X 30\u201d &#8211; Acrylique et techniques mixtes sur bois. Bonjour \u00e0 tous! Alors voil\u00e0 une grande surprise Bernard! Je vous pr\u00e9sente ma version d\u2019un v\u00e9lo de course.&nbsp; Il n\u2019est peut-\u00eatre pas celui qui vous fera gagner le tour de France; cependant, il vous fera vivre plusieurs \u00e9motions et ce, pour des [&hellip;]<\/p>\n","protected":false},"author":3,"featured_media":8781,"comment_status":"closed","ping_status":"open","sticky":false,"template":"","format":"standard","meta":{"ngg_post_thumbnail":0},"categories":[47,20],"tags":[],"yoast_head":"<!-- This site is optimized with the Yoast SEO plugin v18.5.1 - https:\/\/yoast.com\/wordpress\/plugins\/seo\/ -->\n<title>&quot;PROCHAINE \u00c9TAPE&quot; - Hommage \u00e0 Bernard Vives par SAMSON<\/title>\n<meta name=\"description\" content=\"D\u00e9couvrez &quot;PROCHAINE \u00c9TAPE&quot;, une \u0153uvre d&#039;art vibrante de 40\u201d x 30\u201d cr\u00e9\u00e9e par SAMSON. C\u00e9l\u00e9brant Bernard Vives, pr\u00e9sident d&#039;Amundi, cette pi\u00e8ce capture l&#039;essence de sa vie, ses passions et ses r\u00e9alisations. De ses d\u00e9buts \u00e0 la bicyclette jusqu&#039;\u00e0 ses contributions \u00e0 Amundi, rejoignez-nous pour c\u00e9l\u00e9brer son voyage inspirant.\" \/>\n<meta name=\"robots\" content=\"index, follow, max-snippet:-1, max-image-preview:large, max-video-preview:-1\" \/>\n<link rel=\"canonical\" href=\"https:\/\/www.marcsamsonartist.com\/fr\/prochaine-etape\/\" \/>\n<meta property=\"og:locale\" content=\"fr_FR\" \/>\n<meta property=\"og:type\" content=\"article\" \/>\n<meta property=\"og:title\" content=\"&quot;PROCHAINE \u00c9TAPE&quot; - Hommage \u00e0 Bernard Vives par SAMSON\" \/>\n<meta property=\"og:description\" content=\"D\u00e9couvrez &quot;PROCHAINE \u00c9TAPE&quot;, une \u0153uvre d&#039;art vibrante de 40\u201d x 30\u201d cr\u00e9\u00e9e par SAMSON. C\u00e9l\u00e9brant Bernard Vives, pr\u00e9sident d&#039;Amundi, cette pi\u00e8ce capture l&#039;essence de sa vie, ses passions et ses r\u00e9alisations. De ses d\u00e9buts \u00e0 la bicyclette jusqu&#039;\u00e0 ses contributions \u00e0 Amundi, rejoignez-nous pour c\u00e9l\u00e9brer son voyage inspirant.\" \/>\n<meta property=\"og:url\" content=\"https:\/\/www.marcsamsonartist.com\/fr\/prochaine-etape\/\" \/>\n<meta property=\"og:site_name\" content=\"SAMSON ARTISTE\" \/>\n<meta property=\"article:published_time\" content=\"2023-10-24T13:24:18+00:00\" \/>\n<meta property=\"article:modified_time\" content=\"2023-10-24T13:27:52+00:00\" \/>\n<meta property=\"og:image\" content=\"https:\/\/www.marcsamsonartist.com\/wp-content\/uploads\/2023\/10\/prochaine-etape-1024x773.png\" \/>\n\t<meta property=\"og:image:width\" content=\"1024\" \/>\n\t<meta property=\"og:image:height\" content=\"773\" \/>\n\t<meta property=\"og:image:type\" content=\"image\/png\" \/>\n<meta name=\"twitter:card\" content=\"summary\" \/>\n<meta name=\"twitter:label1\" content=\"\u00c9crit par\" \/>\n\t<meta name=\"twitter:data1\" content=\"MarcSamson\" \/>\n\t<meta name=\"twitter:label2\" content=\"Dur\u00e9e de lecture estim\u00e9e\" \/>\n\t<meta name=\"twitter:data2\" content=\"4 minutes\" \/>\n<script type=\"application\/ld+json\" class=\"yoast-schema-graph\">{\"@context\":\"https:\/\/schema.org\",\"@graph\":[{\"@type\":\"WebSite\",\"@id\":\"https:\/\/www.marcsamsonartist.com\/#website\",\"url\":\"https:\/\/www.marcsamsonartist.com\/\",\"name\":\"SAMSON ARTISTE\",\"description\":\"ARTISTE QU\u00c9BECOIS DE NORTH HATLEY\",\"potentialAction\":[{\"@type\":\"SearchAction\",\"target\":{\"@type\":\"EntryPoint\",\"urlTemplate\":\"https:\/\/www.marcsamsonartist.com\/?s={search_term_string}\"},\"query-input\":\"required name=search_term_string\"}],\"inLanguage\":\"fr-FR\"},{\"@type\":\"ImageObject\",\"@id\":\"https:\/\/www.marcsamsonartist.com\/fr\/prochaine-etape\/#primaryimage\",\"inLanguage\":\"fr-FR\",\"url\":\"https:\/\/www.marcsamsonartist.com\/wp-content\/uploads\/2023\/10\/prochaine-etape.png\",\"contentUrl\":\"https:\/\/www.marcsamsonartist.com\/wp-content\/uploads\/2023\/10\/prochaine-etape.png\",\"width\":3486,\"height\":2632},{\"@type\":\"WebPage\",\"@id\":\"https:\/\/www.marcsamsonartist.com\/fr\/prochaine-etape\/#webpage\",\"url\":\"https:\/\/www.marcsamsonartist.com\/fr\/prochaine-etape\/\",\"name\":\"\\\"PROCHAINE \u00c9TAPE\\\" - Hommage \u00e0 Bernard Vives par SAMSON\",\"isPartOf\":{\"@id\":\"https:\/\/www.marcsamsonartist.com\/#website\"},\"primaryImageOfPage\":{\"@id\":\"https:\/\/www.marcsamsonartist.com\/fr\/prochaine-etape\/#primaryimage\"},\"datePublished\":\"2023-10-24T13:24:18+00:00\",\"dateModified\":\"2023-10-24T13:27:52+00:00\",\"author\":{\"@id\":\"https:\/\/www.marcsamsonartist.com\/#\/schema\/person\/08bc17a6bde7a04c5afb76e1c9bc9970\"},\"description\":\"D\u00e9couvrez \\\"PROCHAINE \u00c9TAPE\\\", une \u0153uvre d'art vibrante de 40\u201d x 30\u201d cr\u00e9\u00e9e par SAMSON. C\u00e9l\u00e9brant Bernard Vives, pr\u00e9sident d'Amundi, cette pi\u00e8ce capture l'essence de sa vie, ses passions et ses r\u00e9alisations. De ses d\u00e9buts \u00e0 la bicyclette jusqu'\u00e0 ses contributions \u00e0 Amundi, rejoignez-nous pour c\u00e9l\u00e9brer son voyage inspirant.\",\"breadcrumb\":{\"@id\":\"https:\/\/www.marcsamsonartist.com\/fr\/prochaine-etape\/#breadcrumb\"},\"inLanguage\":\"fr-FR\",\"potentialAction\":[{\"@type\":\"ReadAction\",\"target\":[\"https:\/\/www.marcsamsonartist.com\/fr\/prochaine-etape\/\"]}]},{\"@type\":\"BreadcrumbList\",\"@id\":\"https:\/\/www.marcsamsonartist.com\/fr\/prochaine-etape\/#breadcrumb\",\"itemListElement\":[{\"@type\":\"ListItem\",\"position\":1,\"name\":\"Home\",\"item\":\"https:\/\/www.marcsamsonartist.com\/fr\/\"},{\"@type\":\"ListItem\",\"position\":2,\"name\":\"Prochaine \u00c9tape\"}]},{\"@type\":\"Person\",\"@id\":\"https:\/\/www.marcsamsonartist.com\/#\/schema\/person\/08bc17a6bde7a04c5afb76e1c9bc9970\",\"name\":\"MarcSamson\",\"image\":{\"@type\":\"ImageObject\",\"@id\":\"https:\/\/www.marcsamsonartist.com\/#personlogo\",\"inLanguage\":\"fr-FR\",\"url\":\"https:\/\/secure.gravatar.com\/avatar\/53db7482c85f4df909bb59ebd8922772?s=96&d=mm&r=g\",\"contentUrl\":\"https:\/\/secure.gravatar.com\/avatar\/53db7482c85f4df909bb59ebd8922772?s=96&d=mm&r=g\",\"caption\":\"MarcSamson\"},\"url\":\"https:\/\/www.marcsamsonartist.com\/fr\/author\/marc-samson\/\"}]}<\/script>\n<!-- \/ Yoast SEO plugin. -->","yoast_head_json":{"title":"\"PROCHAINE \u00c9TAPE\" - Hommage \u00e0 Bernard Vives par SAMSON","description":"D\u00e9couvrez \"PROCHAINE \u00c9TAPE\", une \u0153uvre d'art vibrante de 40\u201d x 30\u201d cr\u00e9\u00e9e par SAMSON. C\u00e9l\u00e9brant Bernard Vives, pr\u00e9sident d'Amundi, cette pi\u00e8ce capture l'essence de sa vie, ses passions et ses r\u00e9alisations. De ses d\u00e9buts \u00e0 la bicyclette jusqu'\u00e0 ses contributions \u00e0 Amundi, rejoignez-nous pour c\u00e9l\u00e9brer son voyage inspirant.","robots":{"index":"index","follow":"follow","max-snippet":"max-snippet:-1","max-image-preview":"max-image-preview:large","max-video-preview":"max-video-preview:-1"},"canonical":"https:\/\/www.marcsamsonartist.com\/fr\/prochaine-etape\/","og_locale":"fr_FR","og_type":"article","og_title":"\"PROCHAINE \u00c9TAPE\" - Hommage \u00e0 Bernard Vives par SAMSON","og_description":"D\u00e9couvrez \"PROCHAINE \u00c9TAPE\", une \u0153uvre d'art vibrante de 40\u201d x 30\u201d cr\u00e9\u00e9e par SAMSON. C\u00e9l\u00e9brant Bernard Vives, pr\u00e9sident d'Amundi, cette pi\u00e8ce capture l'essence de sa vie, ses passions et ses r\u00e9alisations. De ses d\u00e9buts \u00e0 la bicyclette jusqu'\u00e0 ses contributions \u00e0 Amundi, rejoignez-nous pour c\u00e9l\u00e9brer son voyage inspirant.","og_url":"https:\/\/www.marcsamsonartist.com\/fr\/prochaine-etape\/","og_site_name":"SAMSON ARTISTE","article_published_time":"2023-10-24T13:24:18+00:00","article_modified_time":"2023-10-24T13:27:52+00:00","og_image":[{"width":1024,"height":773,"url":"https:\/\/www.marcsamsonartist.com\/wp-content\/uploads\/2023\/10\/prochaine-etape-1024x773.png","type":"image\/png"}],"twitter_card":"summary","twitter_misc":{"\u00c9crit par":"MarcSamson","Dur\u00e9e de lecture estim\u00e9e":"4 minutes"},"schema":{"@context":"https:\/\/schema.org","@graph":[{"@type":"WebSite","@id":"https:\/\/www.marcsamsonartist.com\/#website","url":"https:\/\/www.marcsamsonartist.com\/","name":"SAMSON ARTISTE","description":"ARTISTE QU\u00c9BECOIS DE NORTH HATLEY","potentialAction":[{"@type":"SearchAction","target":{"@type":"EntryPoint","urlTemplate":"https:\/\/www.marcsamsonartist.com\/?s={search_term_string}"},"query-input":"required name=search_term_string"}],"inLanguage":"fr-FR"},{"@type":"ImageObject","@id":"https:\/\/www.marcsamsonartist.com\/fr\/prochaine-etape\/#primaryimage","inLanguage":"fr-FR","url":"https:\/\/www.marcsamsonartist.com\/wp-content\/uploads\/2023\/10\/prochaine-etape.png","contentUrl":"https:\/\/www.marcsamsonartist.com\/wp-content\/uploads\/2023\/10\/prochaine-etape.png","width":3486,"height":2632},{"@type":"WebPage","@id":"https:\/\/www.marcsamsonartist.com\/fr\/prochaine-etape\/#webpage","url":"https:\/\/www.marcsamsonartist.com\/fr\/prochaine-etape\/","name":"\"PROCHAINE \u00c9TAPE\" - Hommage \u00e0 Bernard Vives par SAMSON","isPartOf":{"@id":"https:\/\/www.marcsamsonartist.com\/#website"},"primaryImageOfPage":{"@id":"https:\/\/www.marcsamsonartist.com\/fr\/prochaine-etape\/#primaryimage"},"datePublished":"2023-10-24T13:24:18+00:00","dateModified":"2023-10-24T13:27:52+00:00","author":{"@id":"https:\/\/www.marcsamsonartist.com\/#\/schema\/person\/08bc17a6bde7a04c5afb76e1c9bc9970"},"description":"D\u00e9couvrez \"PROCHAINE \u00c9TAPE\", une \u0153uvre d'art vibrante de 40\u201d x 30\u201d cr\u00e9\u00e9e par SAMSON. C\u00e9l\u00e9brant Bernard Vives, pr\u00e9sident d'Amundi, cette pi\u00e8ce capture l'essence de sa vie, ses passions et ses r\u00e9alisations. De ses d\u00e9buts \u00e0 la bicyclette jusqu'\u00e0 ses contributions \u00e0 Amundi, rejoignez-nous pour c\u00e9l\u00e9brer son voyage inspirant.","breadcrumb":{"@id":"https:\/\/www.marcsamsonartist.com\/fr\/prochaine-etape\/#breadcrumb"},"inLanguage":"fr-FR","potentialAction":[{"@type":"ReadAction","target":["https:\/\/www.marcsamsonartist.com\/fr\/prochaine-etape\/"]}]},{"@type":"BreadcrumbList","@id":"https:\/\/www.marcsamsonartist.com\/fr\/prochaine-etape\/#breadcrumb","itemListElement":[{"@type":"ListItem","position":1,"name":"Home","item":"https:\/\/www.marcsamsonartist.com\/fr\/"},{"@type":"ListItem","position":2,"name":"Prochaine \u00c9tape"}]},{"@type":"Person","@id":"https:\/\/www.marcsamsonartist.com\/#\/schema\/person\/08bc17a6bde7a04c5afb76e1c9bc9970","name":"MarcSamson","image":{"@type":"ImageObject","@id":"https:\/\/www.marcsamsonartist.com\/#personlogo","inLanguage":"fr-FR","url":"https:\/\/secure.gravatar.com\/avatar\/53db7482c85f4df909bb59ebd8922772?s=96&d=mm&r=g","contentUrl":"https:\/\/secure.gravatar.com\/avatar\/53db7482c85f4df909bb59ebd8922772?s=96&d=mm&r=g","caption":"MarcSamson"},"url":"https:\/\/www.marcsamsonartist.com\/fr\/author\/marc-samson\/"}]}},"_links":{"self":[{"href":"https:\/\/www.marcsamsonartist.com\/fr\/wp-json\/wp\/v2\/posts\/8783"}],"collection":[{"href":"https:\/\/www.marcsamsonartist.com\/fr\/wp-json\/wp\/v2\/posts"}],"about":[{"href":"https:\/\/www.marcsamsonartist.com\/fr\/wp-json\/wp\/v2\/types\/post"}],"author":[{"embeddable":true,"href":"https:\/\/www.marcsamsonartist.com\/fr\/wp-json\/wp\/v2\/users\/3"}],"replies":[{"embeddable":true,"href":"https:\/\/www.marcsamsonartist.com\/fr\/wp-json\/wp\/v2\/comments?post=8783"}],"version-history":[{"count":1,"href":"https:\/\/www.marcsamsonartist.com\/fr\/wp-json\/wp\/v2\/posts\/8783\/revisions"}],"predecessor-version":[{"id":8784,"href":"https:\/\/www.marcsamsonartist.com\/fr\/wp-json\/wp\/v2\/posts\/8783\/revisions\/8784"}],"wp:featuredmedia":[{"embeddable":true,"href":"https:\/\/www.marcsamsonartist.com\/fr\/wp-json\/wp\/v2\/media\/8781"}],"wp:attachment":[{"href":"https:\/\/www.marcsamsonartist.com\/fr\/wp-json\/wp\/v2\/media?parent=8783"}],"wp:term":[{"taxonomy":"category","embeddable":true,"href":"https:\/\/www.marcsamsonartist.com\/fr\/wp-json\/wp\/v2\/categories?post=8783"},{"taxonomy":"post_tag","embeddable":true,"href":"https:\/\/www.marcsamsonartist.com\/fr\/wp-json\/wp\/v2\/tags?post=8783"}],"curies":[{"name":"wp","href":"https:\/\/api.w.org\/{rel}","templated":true}]}}