{"id":8100,"date":"2022-12-08T15:51:31","date_gmt":"2022-12-08T20:51:31","guid":{"rendered":"https:\/\/www.marcsamsonartist.com\/?p=8100"},"modified":"2022-12-08T15:53:53","modified_gmt":"2022-12-08T20:53:53","slug":"pommes-poires-abricot","status":"publish","type":"post","link":"https:\/\/www.marcsamsonartist.com\/fr\/pommes-poires-abricot\/","title":{"rendered":"POMMES, POIRES, ABRICOT"},"content":{"rendered":"\n<figure class=\"wp-block-image size-large is-resized is-style-default\"><a href=\"https:\/\/www.marcsamsonartist.com\/wp-content\/uploads\/2022\/12\/Pommes-poires-abricot-scaled.jpg\"><img loading=\"lazy\" src=\"https:\/\/www.marcsamsonartist.com\/wp-content\/uploads\/2022\/12\/Pommes-poires-abricot-1024x760.jpg\" alt=\"\" class=\"wp-image-8101\" width=\"840\" height=\"623\" srcset=\"https:\/\/www.marcsamsonartist.com\/wp-content\/uploads\/2022\/12\/Pommes-poires-abricot-1024x760.jpg 1024w, https:\/\/www.marcsamsonartist.com\/wp-content\/uploads\/2022\/12\/Pommes-poires-abricot-300x223.jpg 300w, https:\/\/www.marcsamsonartist.com\/wp-content\/uploads\/2022\/12\/Pommes-poires-abricot-768x570.jpg 768w, https:\/\/www.marcsamsonartist.com\/wp-content\/uploads\/2022\/12\/Pommes-poires-abricot-1536x1140.jpg 1536w, https:\/\/www.marcsamsonartist.com\/wp-content\/uploads\/2022\/12\/Pommes-poires-abricot-2048x1520.jpg 2048w\" sizes=\"(max-width: 840px) 100vw, 840px\" \/><\/a><figcaption><strong>POMMES, POIRES, ABRICOT &#8211; 16&Prime; x 12&Prime;<\/strong><\/figcaption><\/figure>\n\n\n\n<h2>POMMES, POIRES, ABRICOT &#8211; 16&Prime; x 12&Prime;&nbsp;<\/h2>\n\n\n\n<p>La plupart des gens, surtout francophones, reconnaissent cet air que l\u2019on fredonnait lorsqu\u2019on \u00e9tait jeune.&nbsp; Cette toile raconte tr\u00e8s bien le refrain car effectivement, y\u2019en a une de trop.<\/p>\n","protected":false},"excerpt":{"rendered":"<p>POMMES, POIRES, ABRICOT &#8211; 16&Prime; x 12&Prime;&nbsp; La plupart des gens, surtout francophones, reconnaissent cet air que l\u2019on fredonnait lorsqu\u2019on \u00e9tait jeune.&nbsp; Cette toile raconte tr\u00e8s bien le refrain car effectivement, y\u2019en a une de trop.<\/p>\n","protected":false},"author":3,"featured_media":8101,"comment_status":"closed","ping_status":"open","sticky":false,"template":"","format":"standard","meta":{"ngg_post_thumbnail":0},"categories":[26],"tags":[],"yoast_head":"<!-- This site is optimized with the Yoast SEO plugin v18.5.1 - https:\/\/yoast.com\/wordpress\/plugins\/seo\/ -->\n<title>POMMES, POIRES, ABRICOT | SAMSON ARTISTE<\/title>\n<meta name=\"robots\" content=\"index, follow, max-snippet:-1, max-image-preview:large, max-video-preview:-1\" \/>\n<link rel=\"canonical\" href=\"https:\/\/www.marcsamsonartist.com\/fr\/pommes-poires-abricot\/\" \/>\n<meta property=\"og:locale\" content=\"fr_FR\" \/>\n<meta property=\"og:type\" content=\"article\" \/>\n<meta property=\"og:title\" content=\"POMMES, POIRES, ABRICOT | SAMSON ARTISTE\" \/>\n<meta property=\"og:description\" content=\"POMMES, POIRES, ABRICOT &#8211; 16&Prime; x 12&Prime;&nbsp; La plupart des gens, surtout francophones, reconnaissent cet air que l\u2019on fredonnait lorsqu\u2019on \u00e9tait jeune.&nbsp; Cette toile raconte tr\u00e8s bien le refrain car effectivement, y\u2019en a une de trop.\" \/>\n<meta property=\"og:url\" content=\"https:\/\/www.marcsamsonartist.com\/fr\/pommes-poires-abricot\/\" \/>\n<meta property=\"og:site_name\" content=\"SAMSON ARTISTE\" \/>\n<meta property=\"article:published_time\" content=\"2022-12-08T20:51:31+00:00\" \/>\n<meta property=\"article:modified_time\" content=\"2022-12-08T20:53:53+00:00\" \/>\n<meta property=\"og:image\" content=\"https:\/\/www.marcsamsonartist.com\/wp-content\/uploads\/2022\/12\/Pommes-poires-abricot-scaled.jpg\" \/>\n\t<meta property=\"og:image:width\" content=\"2560\" \/>\n\t<meta property=\"og:image:height\" content=\"1901\" \/>\n\t<meta property=\"og:image:type\" content=\"image\/jpeg\" \/>\n<meta name=\"twitter:card\" content=\"summary\" \/>\n<meta name=\"twitter:label1\" content=\"\u00c9crit par\" \/>\n\t<meta name=\"twitter:data1\" content=\"MarcSamson\" \/>\n\t<meta name=\"twitter:label2\" content=\"Dur\u00e9e de lecture estim\u00e9e\" \/>\n\t<meta name=\"twitter:data2\" content=\"1 minute\" \/>\n<script type=\"application\/ld+json\" class=\"yoast-schema-graph\">{\"@context\":\"https:\/\/schema.org\",\"@graph\":[{\"@type\":\"WebSite\",\"@id\":\"https:\/\/www.marcsamsonartist.com\/#website\",\"url\":\"https:\/\/www.marcsamsonartist.com\/\",\"name\":\"SAMSON ARTISTE\",\"description\":\"ARTISTE QU\u00c9BECOIS DE NORTH HATLEY\",\"potentialAction\":[{\"@type\":\"SearchAction\",\"target\":{\"@type\":\"EntryPoint\",\"urlTemplate\":\"https:\/\/www.marcsamsonartist.com\/?s={search_term_string}\"},\"query-input\":\"required name=search_term_string\"}],\"inLanguage\":\"fr-FR\"},{\"@type\":\"ImageObject\",\"@id\":\"https:\/\/www.marcsamsonartist.com\/fr\/pommes-poires-abricot\/#primaryimage\",\"inLanguage\":\"fr-FR\",\"url\":\"https:\/\/www.marcsamsonartist.com\/wp-content\/uploads\/2022\/12\/Pommes-poires-abricot-scaled.jpg\",\"contentUrl\":\"https:\/\/www.marcsamsonartist.com\/wp-content\/uploads\/2022\/12\/Pommes-poires-abricot-scaled.jpg\",\"width\":2560,\"height\":1901},{\"@type\":\"WebPage\",\"@id\":\"https:\/\/www.marcsamsonartist.com\/fr\/pommes-poires-abricot\/#webpage\",\"url\":\"https:\/\/www.marcsamsonartist.com\/fr\/pommes-poires-abricot\/\",\"name\":\"POMMES, POIRES, ABRICOT | SAMSON ARTISTE\",\"isPartOf\":{\"@id\":\"https:\/\/www.marcsamsonartist.com\/#website\"},\"primaryImageOfPage\":{\"@id\":\"https:\/\/www.marcsamsonartist.com\/fr\/pommes-poires-abricot\/#primaryimage\"},\"datePublished\":\"2022-12-08T20:51:31+00:00\",\"dateModified\":\"2022-12-08T20:53:53+00:00\",\"author\":{\"@id\":\"https:\/\/www.marcsamsonartist.com\/#\/schema\/person\/08bc17a6bde7a04c5afb76e1c9bc9970\"},\"breadcrumb\":{\"@id\":\"https:\/\/www.marcsamsonartist.com\/fr\/pommes-poires-abricot\/#breadcrumb\"},\"inLanguage\":\"fr-FR\",\"potentialAction\":[{\"@type\":\"ReadAction\",\"target\":[\"https:\/\/www.marcsamsonartist.com\/fr\/pommes-poires-abricot\/\"]}]},{\"@type\":\"BreadcrumbList\",\"@id\":\"https:\/\/www.marcsamsonartist.com\/fr\/pommes-poires-abricot\/#breadcrumb\",\"itemListElement\":[{\"@type\":\"ListItem\",\"position\":1,\"name\":\"Home\",\"item\":\"https:\/\/www.marcsamsonartist.com\/fr\/\"},{\"@type\":\"ListItem\",\"position\":2,\"name\":\"POMMES, POIRES, ABRICOT\"}]},{\"@type\":\"Person\",\"@id\":\"https:\/\/www.marcsamsonartist.com\/#\/schema\/person\/08bc17a6bde7a04c5afb76e1c9bc9970\",\"name\":\"MarcSamson\",\"image\":{\"@type\":\"ImageObject\",\"@id\":\"https:\/\/www.marcsamsonartist.com\/#personlogo\",\"inLanguage\":\"fr-FR\",\"url\":\"https:\/\/secure.gravatar.com\/avatar\/53db7482c85f4df909bb59ebd8922772?s=96&d=mm&r=g\",\"contentUrl\":\"https:\/\/secure.gravatar.com\/avatar\/53db7482c85f4df909bb59ebd8922772?s=96&d=mm&r=g\",\"caption\":\"MarcSamson\"},\"url\":\"https:\/\/www.marcsamsonartist.com\/fr\/author\/marc-samson\/\"}]}<\/script>\n<!-- \/ Yoast SEO plugin. -->","yoast_head_json":{"title":"POMMES, POIRES, ABRICOT | SAMSON ARTISTE","robots":{"index":"index","follow":"follow","max-snippet":"max-snippet:-1","max-image-preview":"max-image-preview:large","max-video-preview":"max-video-preview:-1"},"canonical":"https:\/\/www.marcsamsonartist.com\/fr\/pommes-poires-abricot\/","og_locale":"fr_FR","og_type":"article","og_title":"POMMES, POIRES, ABRICOT | SAMSON ARTISTE","og_description":"POMMES, POIRES, ABRICOT &#8211; 16&Prime; x 12&Prime;&nbsp; La plupart des gens, surtout francophones, reconnaissent cet air que l\u2019on fredonnait lorsqu\u2019on \u00e9tait jeune.&nbsp; Cette toile raconte tr\u00e8s bien le refrain car effectivement, y\u2019en a une de trop.","og_url":"https:\/\/www.marcsamsonartist.com\/fr\/pommes-poires-abricot\/","og_site_name":"SAMSON ARTISTE","article_published_time":"2022-12-08T20:51:31+00:00","article_modified_time":"2022-12-08T20:53:53+00:00","og_image":[{"width":2560,"height":1901,"url":"https:\/\/www.marcsamsonartist.com\/wp-content\/uploads\/2022\/12\/Pommes-poires-abricot-scaled.jpg","type":"image\/jpeg"}],"twitter_card":"summary","twitter_misc":{"\u00c9crit par":"MarcSamson","Dur\u00e9e de lecture estim\u00e9e":"1 minute"},"schema":{"@context":"https:\/\/schema.org","@graph":[{"@type":"WebSite","@id":"https:\/\/www.marcsamsonartist.com\/#website","url":"https:\/\/www.marcsamsonartist.com\/","name":"SAMSON ARTISTE","description":"ARTISTE QU\u00c9BECOIS DE NORTH HATLEY","potentialAction":[{"@type":"SearchAction","target":{"@type":"EntryPoint","urlTemplate":"https:\/\/www.marcsamsonartist.com\/?s={search_term_string}"},"query-input":"required name=search_term_string"}],"inLanguage":"fr-FR"},{"@type":"ImageObject","@id":"https:\/\/www.marcsamsonartist.com\/fr\/pommes-poires-abricot\/#primaryimage","inLanguage":"fr-FR","url":"https:\/\/www.marcsamsonartist.com\/wp-content\/uploads\/2022\/12\/Pommes-poires-abricot-scaled.jpg","contentUrl":"https:\/\/www.marcsamsonartist.com\/wp-content\/uploads\/2022\/12\/Pommes-poires-abricot-scaled.jpg","width":2560,"height":1901},{"@type":"WebPage","@id":"https:\/\/www.marcsamsonartist.com\/fr\/pommes-poires-abricot\/#webpage","url":"https:\/\/www.marcsamsonartist.com\/fr\/pommes-poires-abricot\/","name":"POMMES, POIRES, ABRICOT | SAMSON ARTISTE","isPartOf":{"@id":"https:\/\/www.marcsamsonartist.com\/#website"},"primaryImageOfPage":{"@id":"https:\/\/www.marcsamsonartist.com\/fr\/pommes-poires-abricot\/#primaryimage"},"datePublished":"2022-12-08T20:51:31+00:00","dateModified":"2022-12-08T20:53:53+00:00","author":{"@id":"https:\/\/www.marcsamsonartist.com\/#\/schema\/person\/08bc17a6bde7a04c5afb76e1c9bc9970"},"breadcrumb":{"@id":"https:\/\/www.marcsamsonartist.com\/fr\/pommes-poires-abricot\/#breadcrumb"},"inLanguage":"fr-FR","potentialAction":[{"@type":"ReadAction","target":["https:\/\/www.marcsamsonartist.com\/fr\/pommes-poires-abricot\/"]}]},{"@type":"BreadcrumbList","@id":"https:\/\/www.marcsamsonartist.com\/fr\/pommes-poires-abricot\/#breadcrumb","itemListElement":[{"@type":"ListItem","position":1,"name":"Home","item":"https:\/\/www.marcsamsonartist.com\/fr\/"},{"@type":"ListItem","position":2,"name":"POMMES, POIRES, ABRICOT"}]},{"@type":"Person","@id":"https:\/\/www.marcsamsonartist.com\/#\/schema\/person\/08bc17a6bde7a04c5afb76e1c9bc9970","name":"MarcSamson","image":{"@type":"ImageObject","@id":"https:\/\/www.marcsamsonartist.com\/#personlogo","inLanguage":"fr-FR","url":"https:\/\/secure.gravatar.com\/avatar\/53db7482c85f4df909bb59ebd8922772?s=96&d=mm&r=g","contentUrl":"https:\/\/secure.gravatar.com\/avatar\/53db7482c85f4df909bb59ebd8922772?s=96&d=mm&r=g","caption":"MarcSamson"},"url":"https:\/\/www.marcsamsonartist.com\/fr\/author\/marc-samson\/"}]}},"_links":{"self":[{"href":"https:\/\/www.marcsamsonartist.com\/fr\/wp-json\/wp\/v2\/posts\/8100"}],"collection":[{"href":"https:\/\/www.marcsamsonartist.com\/fr\/wp-json\/wp\/v2\/posts"}],"about":[{"href":"https:\/\/www.marcsamsonartist.com\/fr\/wp-json\/wp\/v2\/types\/post"}],"author":[{"embeddable":true,"href":"https:\/\/www.marcsamsonartist.com\/fr\/wp-json\/wp\/v2\/users\/3"}],"replies":[{"embeddable":true,"href":"https:\/\/www.marcsamsonartist.com\/fr\/wp-json\/wp\/v2\/comments?post=8100"}],"version-history":[{"count":2,"href":"https:\/\/www.marcsamsonartist.com\/fr\/wp-json\/wp\/v2\/posts\/8100\/revisions"}],"predecessor-version":[{"id":8106,"href":"https:\/\/www.marcsamsonartist.com\/fr\/wp-json\/wp\/v2\/posts\/8100\/revisions\/8106"}],"wp:featuredmedia":[{"embeddable":true,"href":"https:\/\/www.marcsamsonartist.com\/fr\/wp-json\/wp\/v2\/media\/8101"}],"wp:attachment":[{"href":"https:\/\/www.marcsamsonartist.com\/fr\/wp-json\/wp\/v2\/media?parent=8100"}],"wp:term":[{"taxonomy":"category","embeddable":true,"href":"https:\/\/www.marcsamsonartist.com\/fr\/wp-json\/wp\/v2\/categories?post=8100"},{"taxonomy":"post_tag","embeddable":true,"href":"https:\/\/www.marcsamsonartist.com\/fr\/wp-json\/wp\/v2\/tags?post=8100"}],"curies":[{"name":"wp","href":"https:\/\/api.w.org\/{rel}","templated":true}]}}