{"id":7619,"date":"2022-04-09T15:57:14","date_gmt":"2022-04-09T19:57:14","guid":{"rendered":"https:\/\/www.marcsamsonartist.com\/?p=7619"},"modified":"2022-04-09T15:58:02","modified_gmt":"2022-04-09T19:58:02","slug":"la-francaise","status":"publish","type":"post","link":"https:\/\/www.marcsamsonartist.com\/fr\/la-francaise\/","title":{"rendered":"La Fran\u00e7aise"},"content":{"rendered":"\n<figure class=\"wp-block-image size-large is-style-default\"><a href=\"https:\/\/www.marcsamsonartist.com\/wp-content\/uploads\/2022\/04\/la-francaise-final.png\"><img loading=\"lazy\" width=\"1024\" height=\"771\" src=\"https:\/\/www.marcsamsonartist.com\/wp-content\/uploads\/2022\/04\/la-francaise-final-1024x771.png\" alt=\"\" class=\"wp-image-7620\" srcset=\"https:\/\/www.marcsamsonartist.com\/wp-content\/uploads\/2022\/04\/la-francaise-final-1024x771.png 1024w, https:\/\/www.marcsamsonartist.com\/wp-content\/uploads\/2022\/04\/la-francaise-final-300x226.png 300w, https:\/\/www.marcsamsonartist.com\/wp-content\/uploads\/2022\/04\/la-francaise-final-768x578.png 768w, https:\/\/www.marcsamsonartist.com\/wp-content\/uploads\/2022\/04\/la-francaise-final-1536x1157.png 1536w, https:\/\/www.marcsamsonartist.com\/wp-content\/uploads\/2022\/04\/la-francaise-final-2048x1542.png 2048w\" sizes=\"(max-width: 1024px) 100vw, 1024px\" \/><\/a><\/figure>\n\n\n\n<p><strong>LA FRAN\u00c7AISE &#8211; 40\u201d x 30\u201d &#8211; Acrylique et techniques mixtes sur toile.<\/strong><\/p>\n\n\n\n<p>Cette toile c\u00e9l\u00e8bre un couple Montr\u00e9alais s\u2019\u00e9tant mari\u00e9 en 2013. Voir le chiffre magique 13 qui s\u2019est av\u00e9r\u00e9 une ann\u00e9e chanceuse pour nos deux tourtereaux.<\/p>\n\n\n\n<p>En premier lieu ils ont tous les deux comme ville f\u00e9tiche celle de la capitale fran\u00e7aise, PARIS. Vous d\u00e9nichez discr\u00e8tement le nom de la ville dans l\u2019oreille droite de notre personnage ainsi qu\u2019un vieux plan de la ville, que je vous donne en d\u00e9fi de rep\u00e9rer. Dans le haut de l\u2019oreille gauche, vous voyez des chaises nous rappelant tr\u00e8s bien celles d\u2019un bistro fran\u00e7ais.<\/p>\n\n\n\n<p>La dame est aussi une ancienne ballerine ce qui explique un article d\u00e9nich\u00e9 en plein front de notre muse, soit celui de son danseur bien-aim\u00e9, l\u2019ic\u00f4ne Mikhail Baryshnikov.<\/p>\n\n\n\n<p>Au centre de la toile, vous d\u00e9nichez des fleurs qui rappellent celles des Jardins Du Luxembourg. Vous trouverez aussi un article du journal LA PRESSE (jadis version papier) citant le majestueux Chateau de Versailles. Dans le bas de la toile, vous trouverez un billet oblit\u00e9r\u00e9 par moi-m\u00eame lors de mon dernier voyage dans la ville lumi\u00e8re. Juste en bas de celui-ci, vous devinez les couleurs du drapeau de la France.<\/p>\n\n\n\n<p>Sous l\u2019oeil gauche, vous voyez le titre de la populaire revue fran\u00e7aise VIVRE PARIS. Celle-ci vous donne go\u00fbt de retourner dans cette magnifique oasis urbaine encore et encore.<\/p>\n\n\n\n<p>Vous vous demandez peut-\u00eatre d\u2019o\u00f9 vient l\u2019intention de placer la marque de commerce JELLO dans cet oeuvre. Ceux qui connaissent tr\u00e8s bien le conjoint de la dame, vous saurez que cette \u201cgrande d\u00e9cadence\u201d d\u2019origine occidentale repr\u00e9sente un doux d\u00e9lice pour lui.<br>Et que dire des fraises sur fond vert ? Son admiration pour le groupe britannique The Beatles explique le tout avec leur populaire composition \u201cStrawberry Field\u201d.<\/p>\n\n\n\n<p>Juste dessous ce champs de petits fruits, vous retrouverez la citation \u201cJe ne bois que du Champagne\u201d qui en dit long sur la passion du couple pour les bonnes choses de la vie et qui nous rappelle \u00e0 quelle point il est primordial de c\u00e9l\u00e9brer tout ces petits moments avec style et \u00e9loquence afin que ceux-ci deviennent grandioses.<\/p>\n\n\n\n<p>En plein centre du museau de notre sujet, vous trouverez la visage du grand navigateur et explorateur fran\u00e7ais nomm\u00e9 Jacques Cartier. Celui-ci explique en grande partie la raison pour laquelle nous sommes tous ici aujourd\u2019hui (pour ce d\u00e9voilement) en train de savourer l\u2019une des boissons favorites des rois. Cheers \u00e0 J-C !<\/p>\n\n\n\n<p>En texture vous retrouvez un tissus de ma belle-m\u00e8re ramenant en souvenirs les majestueuses tapisseries ornant les ch\u00e2teaux de la Loire.<\/p>\n\n\n\n<p>J\u2019ai intitul\u00e9 cette toile LA FRAN\u00c7AISE afin d\u2019honorer le pays d\u2019origine de notre grande dame, n\u00e9e plus pr\u00e9cis\u00e9ment \u00e0 Nice, dans le sud de la France.<\/p>\n\n\n\n<p>Je voudrais remercier Anita et Marc pour m\u2019avoir fait confiance dans la cr\u00e9ation de cette oeuvre. Que celle-ci vous fasse sourire \u00e0 chaque fois que vous lui posez regard et quelle vous rappelle l\u2019importance de ne jamais nier vos origines qui vous d\u00e9finissent si bien.<\/p>\n\n\n\n<p>Aussi, de ne jamais cesser de voyager vers vos destinations ador\u00e9es et de toujours vous entourer de gens et de choses qui vous font vibrer.car en effet, notre court et pr\u00e9cieux passage sur cette plan\u00e8te m\u00e9rite d\u2019\u00eatre pleinement et correctement c\u00e9l\u00e9br\u00e9.<\/p>\n\n\n\n<p>Avec vous, tout en couleurs,<br>SAMSON<\/p>\n","protected":false},"excerpt":{"rendered":"<p>LA FRAN\u00c7AISE &#8211; 40\u201d x 30\u201d &#8211; Acrylique et techniques mixtes sur toile. Cette toile c\u00e9l\u00e8bre un couple Montr\u00e9alais s\u2019\u00e9tant mari\u00e9 en 2013. Voir le chiffre magique 13 qui s\u2019est av\u00e9r\u00e9 une ann\u00e9e chanceuse pour nos deux tourtereaux. En premier lieu ils ont tous les deux comme ville f\u00e9tiche celle de la capitale fran\u00e7aise, PARIS. [&hellip;]<\/p>\n","protected":false},"author":3,"featured_media":7620,"comment_status":"closed","ping_status":"open","sticky":false,"template":"","format":"standard","meta":{"ngg_post_thumbnail":0},"categories":[28],"tags":[],"yoast_head":"<!-- This site is optimized with the Yoast SEO plugin v18.5.1 - https:\/\/yoast.com\/wordpress\/plugins\/seo\/ -->\n<title>La Fran\u00e7aise | SAMSON ARTISTE<\/title>\n<meta name=\"robots\" content=\"index, follow, max-snippet:-1, max-image-preview:large, max-video-preview:-1\" \/>\n<link rel=\"canonical\" href=\"https:\/\/www.marcsamsonartist.com\/fr\/la-francaise\/\" \/>\n<meta property=\"og:locale\" content=\"fr_FR\" \/>\n<meta property=\"og:type\" content=\"article\" \/>\n<meta property=\"og:title\" content=\"La Fran\u00e7aise | SAMSON ARTISTE\" \/>\n<meta property=\"og:description\" content=\"LA FRAN\u00c7AISE &#8211; 40\u201d x 30\u201d &#8211; Acrylique et techniques mixtes sur toile. Cette toile c\u00e9l\u00e8bre un couple Montr\u00e9alais s\u2019\u00e9tant mari\u00e9 en 2013. Voir le chiffre magique 13 qui s\u2019est av\u00e9r\u00e9 une ann\u00e9e chanceuse pour nos deux tourtereaux. En premier lieu ils ont tous les deux comme ville f\u00e9tiche celle de la capitale fran\u00e7aise, PARIS. [&hellip;]\" \/>\n<meta property=\"og:url\" content=\"https:\/\/www.marcsamsonartist.com\/fr\/la-francaise\/\" \/>\n<meta property=\"og:site_name\" content=\"SAMSON ARTISTE\" \/>\n<meta property=\"article:published_time\" content=\"2022-04-09T19:57:14+00:00\" \/>\n<meta property=\"article:modified_time\" content=\"2022-04-09T19:58:02+00:00\" \/>\n<meta property=\"og:image\" content=\"https:\/\/www.marcsamsonartist.com\/wp-content\/uploads\/2022\/04\/la-francaise-final-1024x771.png\" \/>\n\t<meta property=\"og:image:width\" content=\"1024\" \/>\n\t<meta property=\"og:image:height\" content=\"771\" \/>\n\t<meta property=\"og:image:type\" content=\"image\/png\" \/>\n<meta name=\"twitter:card\" content=\"summary\" \/>\n<meta name=\"twitter:label1\" content=\"\u00c9crit par\" \/>\n\t<meta name=\"twitter:data1\" content=\"MarcSamson\" \/>\n\t<meta name=\"twitter:label2\" content=\"Dur\u00e9e de lecture estim\u00e9e\" \/>\n\t<meta name=\"twitter:data2\" content=\"3 minutes\" \/>\n<script type=\"application\/ld+json\" class=\"yoast-schema-graph\">{\"@context\":\"https:\/\/schema.org\",\"@graph\":[{\"@type\":\"WebSite\",\"@id\":\"https:\/\/www.marcsamsonartist.com\/#website\",\"url\":\"https:\/\/www.marcsamsonartist.com\/\",\"name\":\"SAMSON ARTISTE\",\"description\":\"ARTISTE QU\u00c9BECOIS DE NORTH HATLEY\",\"potentialAction\":[{\"@type\":\"SearchAction\",\"target\":{\"@type\":\"EntryPoint\",\"urlTemplate\":\"https:\/\/www.marcsamsonartist.com\/?s={search_term_string}\"},\"query-input\":\"required name=search_term_string\"}],\"inLanguage\":\"fr-FR\"},{\"@type\":\"ImageObject\",\"@id\":\"https:\/\/www.marcsamsonartist.com\/fr\/la-francaise\/#primaryimage\",\"inLanguage\":\"fr-FR\",\"url\":\"https:\/\/www.marcsamsonartist.com\/wp-content\/uploads\/2022\/04\/la-francaise-final.png\",\"contentUrl\":\"https:\/\/www.marcsamsonartist.com\/wp-content\/uploads\/2022\/04\/la-francaise-final.png\",\"width\":3427,\"height\":2581},{\"@type\":\"WebPage\",\"@id\":\"https:\/\/www.marcsamsonartist.com\/fr\/la-francaise\/#webpage\",\"url\":\"https:\/\/www.marcsamsonartist.com\/fr\/la-francaise\/\",\"name\":\"La Fran\u00e7aise | SAMSON ARTISTE\",\"isPartOf\":{\"@id\":\"https:\/\/www.marcsamsonartist.com\/#website\"},\"primaryImageOfPage\":{\"@id\":\"https:\/\/www.marcsamsonartist.com\/fr\/la-francaise\/#primaryimage\"},\"datePublished\":\"2022-04-09T19:57:14+00:00\",\"dateModified\":\"2022-04-09T19:58:02+00:00\",\"author\":{\"@id\":\"https:\/\/www.marcsamsonartist.com\/#\/schema\/person\/08bc17a6bde7a04c5afb76e1c9bc9970\"},\"breadcrumb\":{\"@id\":\"https:\/\/www.marcsamsonartist.com\/fr\/la-francaise\/#breadcrumb\"},\"inLanguage\":\"fr-FR\",\"potentialAction\":[{\"@type\":\"ReadAction\",\"target\":[\"https:\/\/www.marcsamsonartist.com\/fr\/la-francaise\/\"]}]},{\"@type\":\"BreadcrumbList\",\"@id\":\"https:\/\/www.marcsamsonartist.com\/fr\/la-francaise\/#breadcrumb\",\"itemListElement\":[{\"@type\":\"ListItem\",\"position\":1,\"name\":\"Home\",\"item\":\"https:\/\/www.marcsamsonartist.com\/fr\/\"},{\"@type\":\"ListItem\",\"position\":2,\"name\":\"La Fran\u00e7aise\"}]},{\"@type\":\"Person\",\"@id\":\"https:\/\/www.marcsamsonartist.com\/#\/schema\/person\/08bc17a6bde7a04c5afb76e1c9bc9970\",\"name\":\"MarcSamson\",\"image\":{\"@type\":\"ImageObject\",\"@id\":\"https:\/\/www.marcsamsonartist.com\/#personlogo\",\"inLanguage\":\"fr-FR\",\"url\":\"https:\/\/secure.gravatar.com\/avatar\/53db7482c85f4df909bb59ebd8922772?s=96&d=mm&r=g\",\"contentUrl\":\"https:\/\/secure.gravatar.com\/avatar\/53db7482c85f4df909bb59ebd8922772?s=96&d=mm&r=g\",\"caption\":\"MarcSamson\"},\"url\":\"https:\/\/www.marcsamsonartist.com\/fr\/author\/marc-samson\/\"}]}<\/script>\n<!-- \/ Yoast SEO plugin. -->","yoast_head_json":{"title":"La Fran\u00e7aise | SAMSON ARTISTE","robots":{"index":"index","follow":"follow","max-snippet":"max-snippet:-1","max-image-preview":"max-image-preview:large","max-video-preview":"max-video-preview:-1"},"canonical":"https:\/\/www.marcsamsonartist.com\/fr\/la-francaise\/","og_locale":"fr_FR","og_type":"article","og_title":"La Fran\u00e7aise | SAMSON ARTISTE","og_description":"LA FRAN\u00c7AISE &#8211; 40\u201d x 30\u201d &#8211; Acrylique et techniques mixtes sur toile. Cette toile c\u00e9l\u00e8bre un couple Montr\u00e9alais s\u2019\u00e9tant mari\u00e9 en 2013. Voir le chiffre magique 13 qui s\u2019est av\u00e9r\u00e9 une ann\u00e9e chanceuse pour nos deux tourtereaux. En premier lieu ils ont tous les deux comme ville f\u00e9tiche celle de la capitale fran\u00e7aise, PARIS. [&hellip;]","og_url":"https:\/\/www.marcsamsonartist.com\/fr\/la-francaise\/","og_site_name":"SAMSON ARTISTE","article_published_time":"2022-04-09T19:57:14+00:00","article_modified_time":"2022-04-09T19:58:02+00:00","og_image":[{"width":1024,"height":771,"url":"https:\/\/www.marcsamsonartist.com\/wp-content\/uploads\/2022\/04\/la-francaise-final-1024x771.png","type":"image\/png"}],"twitter_card":"summary","twitter_misc":{"\u00c9crit par":"MarcSamson","Dur\u00e9e de lecture estim\u00e9e":"3 minutes"},"schema":{"@context":"https:\/\/schema.org","@graph":[{"@type":"WebSite","@id":"https:\/\/www.marcsamsonartist.com\/#website","url":"https:\/\/www.marcsamsonartist.com\/","name":"SAMSON ARTISTE","description":"ARTISTE QU\u00c9BECOIS DE NORTH HATLEY","potentialAction":[{"@type":"SearchAction","target":{"@type":"EntryPoint","urlTemplate":"https:\/\/www.marcsamsonartist.com\/?s={search_term_string}"},"query-input":"required name=search_term_string"}],"inLanguage":"fr-FR"},{"@type":"ImageObject","@id":"https:\/\/www.marcsamsonartist.com\/fr\/la-francaise\/#primaryimage","inLanguage":"fr-FR","url":"https:\/\/www.marcsamsonartist.com\/wp-content\/uploads\/2022\/04\/la-francaise-final.png","contentUrl":"https:\/\/www.marcsamsonartist.com\/wp-content\/uploads\/2022\/04\/la-francaise-final.png","width":3427,"height":2581},{"@type":"WebPage","@id":"https:\/\/www.marcsamsonartist.com\/fr\/la-francaise\/#webpage","url":"https:\/\/www.marcsamsonartist.com\/fr\/la-francaise\/","name":"La Fran\u00e7aise | SAMSON ARTISTE","isPartOf":{"@id":"https:\/\/www.marcsamsonartist.com\/#website"},"primaryImageOfPage":{"@id":"https:\/\/www.marcsamsonartist.com\/fr\/la-francaise\/#primaryimage"},"datePublished":"2022-04-09T19:57:14+00:00","dateModified":"2022-04-09T19:58:02+00:00","author":{"@id":"https:\/\/www.marcsamsonartist.com\/#\/schema\/person\/08bc17a6bde7a04c5afb76e1c9bc9970"},"breadcrumb":{"@id":"https:\/\/www.marcsamsonartist.com\/fr\/la-francaise\/#breadcrumb"},"inLanguage":"fr-FR","potentialAction":[{"@type":"ReadAction","target":["https:\/\/www.marcsamsonartist.com\/fr\/la-francaise\/"]}]},{"@type":"BreadcrumbList","@id":"https:\/\/www.marcsamsonartist.com\/fr\/la-francaise\/#breadcrumb","itemListElement":[{"@type":"ListItem","position":1,"name":"Home","item":"https:\/\/www.marcsamsonartist.com\/fr\/"},{"@type":"ListItem","position":2,"name":"La Fran\u00e7aise"}]},{"@type":"Person","@id":"https:\/\/www.marcsamsonartist.com\/#\/schema\/person\/08bc17a6bde7a04c5afb76e1c9bc9970","name":"MarcSamson","image":{"@type":"ImageObject","@id":"https:\/\/www.marcsamsonartist.com\/#personlogo","inLanguage":"fr-FR","url":"https:\/\/secure.gravatar.com\/avatar\/53db7482c85f4df909bb59ebd8922772?s=96&d=mm&r=g","contentUrl":"https:\/\/secure.gravatar.com\/avatar\/53db7482c85f4df909bb59ebd8922772?s=96&d=mm&r=g","caption":"MarcSamson"},"url":"https:\/\/www.marcsamsonartist.com\/fr\/author\/marc-samson\/"}]}},"_links":{"self":[{"href":"https:\/\/www.marcsamsonartist.com\/fr\/wp-json\/wp\/v2\/posts\/7619"}],"collection":[{"href":"https:\/\/www.marcsamsonartist.com\/fr\/wp-json\/wp\/v2\/posts"}],"about":[{"href":"https:\/\/www.marcsamsonartist.com\/fr\/wp-json\/wp\/v2\/types\/post"}],"author":[{"embeddable":true,"href":"https:\/\/www.marcsamsonartist.com\/fr\/wp-json\/wp\/v2\/users\/3"}],"replies":[{"embeddable":true,"href":"https:\/\/www.marcsamsonartist.com\/fr\/wp-json\/wp\/v2\/comments?post=7619"}],"version-history":[{"count":1,"href":"https:\/\/www.marcsamsonartist.com\/fr\/wp-json\/wp\/v2\/posts\/7619\/revisions"}],"predecessor-version":[{"id":7622,"href":"https:\/\/www.marcsamsonartist.com\/fr\/wp-json\/wp\/v2\/posts\/7619\/revisions\/7622"}],"wp:featuredmedia":[{"embeddable":true,"href":"https:\/\/www.marcsamsonartist.com\/fr\/wp-json\/wp\/v2\/media\/7620"}],"wp:attachment":[{"href":"https:\/\/www.marcsamsonartist.com\/fr\/wp-json\/wp\/v2\/media?parent=7619"}],"wp:term":[{"taxonomy":"category","embeddable":true,"href":"https:\/\/www.marcsamsonartist.com\/fr\/wp-json\/wp\/v2\/categories?post=7619"},{"taxonomy":"post_tag","embeddable":true,"href":"https:\/\/www.marcsamsonartist.com\/fr\/wp-json\/wp\/v2\/tags?post=7619"}],"curies":[{"name":"wp","href":"https:\/\/api.w.org\/{rel}","templated":true}]}}