{"id":379,"date":"2015-12-14T10:10:57","date_gmt":"2015-12-14T15:10:57","guid":{"rendered":"http:\/\/www.marcsamsonartist.com\/fr\/?p=379"},"modified":"2016-01-04T19:34:42","modified_gmt":"2016-01-05T00:34:42","slug":"un-samson-sur-le-mur-de-patrick","status":"publish","type":"post","link":"https:\/\/www.marcsamsonartist.com\/fr\/un-samson-sur-le-mur-de-patrick\/","title":{"rendered":"Un SAMSON sur le mur de Patrick"},"content":{"rendered":"<p>La toile contemporaine du portrait \u00ab Patrick \u00bb de Marc Samson, compl\u00e8te parfaitement le design contemporain de cet appartement de Montr\u00e9al, Qu\u00e9bec. Les photographies de cette installation ici-bas d\u00e9montrent \u00e0 quel point la peinture devient le point focal du design de la pi\u00e8ce. Les couleurs audacieuses et les textures guident le regard vers la toile. Si vous \u00eates int\u00e9ress\u00e9 \u00e0 dialoguer avec Marc Samson \u00e0 propos de peinture personnalis\u00e9e sur demande ou installation, <a href=\"https:\/\/www.marcsamsonartist.com\/fr\/contact\/\">contactez-le<\/a> des aujourd\u2019hui.<\/p>\n<p><img id=\"phgallery-360_1 2\" src=\"http:\/\/www.marcsamsonartist.com\/wp-content\/themes\/photocrati-theme\/photocrati-gallery\/image\/gallery-placeholder-1.gif\" alt=\"photocrati gallery\" \/><\/p>\n","protected":false},"excerpt":{"rendered":"<p>La toile contemporaine du portrait \u00ab Patrick \u00bb de Marc Samson, compl\u00e8te parfaitement le design contemporain de cet appartement de Montr\u00e9al, Qu\u00e9bec. Les photographies de cette installation ici-bas d\u00e9montrent \u00e0 quel point la peinture devient le point focal du design de la pi\u00e8ce. Les couleurs audacieuses et les textures guident le regard vers la toile. [&hellip;]<\/p>\n","protected":false},"author":3,"featured_media":0,"comment_status":"closed","ping_status":"open","sticky":false,"template":"","format":"standard","meta":{"ngg_post_thumbnail":0},"categories":[8,11],"tags":[],"yoast_head":"<!-- This site is optimized with the Yoast SEO plugin v18.5.1 - https:\/\/yoast.com\/wordpress\/plugins\/seo\/ -->\n<title>Un SAMSON sur le mur de Patrick | SAMSON ARTISTE<\/title>\n<meta name=\"robots\" content=\"index, follow, max-snippet:-1, max-image-preview:large, max-video-preview:-1\" \/>\n<link rel=\"canonical\" href=\"https:\/\/www.marcsamsonartist.com\/fr\/un-samson-sur-le-mur-de-patrick\/\" \/>\n<meta property=\"og:locale\" content=\"fr_FR\" \/>\n<meta property=\"og:type\" content=\"article\" \/>\n<meta property=\"og:title\" content=\"Un SAMSON sur le mur de Patrick | SAMSON ARTISTE\" \/>\n<meta property=\"og:description\" content=\"La toile contemporaine du portrait \u00ab Patrick \u00bb de Marc Samson, compl\u00e8te parfaitement le design contemporain de cet appartement de Montr\u00e9al, Qu\u00e9bec. Les photographies de cette installation ici-bas d\u00e9montrent \u00e0 quel point la peinture devient le point focal du design de la pi\u00e8ce. Les couleurs audacieuses et les textures guident le regard vers la toile. [&hellip;]\" \/>\n<meta property=\"og:url\" content=\"https:\/\/www.marcsamsonartist.com\/fr\/un-samson-sur-le-mur-de-patrick\/\" \/>\n<meta property=\"og:site_name\" content=\"SAMSON ARTISTE\" \/>\n<meta property=\"article:published_time\" content=\"2015-12-14T15:10:57+00:00\" \/>\n<meta property=\"article:modified_time\" content=\"2016-01-05T00:34:42+00:00\" \/>\n<meta property=\"og:image\" content=\"http:\/\/www.marcsamsonartist.com\/wp-content\/themes\/photocrati-theme\/photocrati-gallery\/image\/gallery-placeholder-1.gif\" \/>\n<meta name=\"twitter:card\" content=\"summary\" \/>\n<meta name=\"twitter:label1\" content=\"\u00c9crit par\" \/>\n\t<meta name=\"twitter:data1\" content=\"MarcSamson\" \/>\n<script type=\"application\/ld+json\" class=\"yoast-schema-graph\">{\"@context\":\"https:\/\/schema.org\",\"@graph\":[{\"@type\":\"WebSite\",\"@id\":\"https:\/\/www.marcsamsonartist.com\/#website\",\"url\":\"https:\/\/www.marcsamsonartist.com\/\",\"name\":\"SAMSON ARTISTE\",\"description\":\"ARTISTE QU\u00c9BECOIS DE NORTH HATLEY\",\"potentialAction\":[{\"@type\":\"SearchAction\",\"target\":{\"@type\":\"EntryPoint\",\"urlTemplate\":\"https:\/\/www.marcsamsonartist.com\/?s={search_term_string}\"},\"query-input\":\"required name=search_term_string\"}],\"inLanguage\":\"fr-FR\"},{\"@type\":\"ImageObject\",\"@id\":\"https:\/\/www.marcsamsonartist.com\/fr\/un-samson-sur-le-mur-de-patrick\/#primaryimage\",\"inLanguage\":\"fr-FR\",\"url\":\"http:\/\/www.marcsamsonartist.com\/wp-content\/themes\/photocrati-theme\/photocrati-gallery\/image\/gallery-placeholder-1.gif\",\"contentUrl\":\"http:\/\/www.marcsamsonartist.com\/wp-content\/themes\/photocrati-theme\/photocrati-gallery\/image\/gallery-placeholder-1.gif\"},{\"@type\":\"WebPage\",\"@id\":\"https:\/\/www.marcsamsonartist.com\/fr\/un-samson-sur-le-mur-de-patrick\/#webpage\",\"url\":\"https:\/\/www.marcsamsonartist.com\/fr\/un-samson-sur-le-mur-de-patrick\/\",\"name\":\"Un SAMSON sur le mur de Patrick | SAMSON ARTISTE\",\"isPartOf\":{\"@id\":\"https:\/\/www.marcsamsonartist.com\/#website\"},\"primaryImageOfPage\":{\"@id\":\"https:\/\/www.marcsamsonartist.com\/fr\/un-samson-sur-le-mur-de-patrick\/#primaryimage\"},\"datePublished\":\"2015-12-14T15:10:57+00:00\",\"dateModified\":\"2016-01-05T00:34:42+00:00\",\"author\":{\"@id\":\"https:\/\/www.marcsamsonartist.com\/#\/schema\/person\/08bc17a6bde7a04c5afb76e1c9bc9970\"},\"breadcrumb\":{\"@id\":\"https:\/\/www.marcsamsonartist.com\/fr\/un-samson-sur-le-mur-de-patrick\/#breadcrumb\"},\"inLanguage\":\"fr-FR\",\"potentialAction\":[{\"@type\":\"ReadAction\",\"target\":[\"https:\/\/www.marcsamsonartist.com\/fr\/un-samson-sur-le-mur-de-patrick\/\"]}]},{\"@type\":\"BreadcrumbList\",\"@id\":\"https:\/\/www.marcsamsonartist.com\/fr\/un-samson-sur-le-mur-de-patrick\/#breadcrumb\",\"itemListElement\":[{\"@type\":\"ListItem\",\"position\":1,\"name\":\"Home\",\"item\":\"https:\/\/www.marcsamsonartist.com\/fr\/\"},{\"@type\":\"ListItem\",\"position\":2,\"name\":\"Un SAMSON sur le mur de Patrick\"}]},{\"@type\":\"Person\",\"@id\":\"https:\/\/www.marcsamsonartist.com\/#\/schema\/person\/08bc17a6bde7a04c5afb76e1c9bc9970\",\"name\":\"MarcSamson\",\"image\":{\"@type\":\"ImageObject\",\"@id\":\"https:\/\/www.marcsamsonartist.com\/#personlogo\",\"inLanguage\":\"fr-FR\",\"url\":\"https:\/\/secure.gravatar.com\/avatar\/53db7482c85f4df909bb59ebd8922772?s=96&d=mm&r=g\",\"contentUrl\":\"https:\/\/secure.gravatar.com\/avatar\/53db7482c85f4df909bb59ebd8922772?s=96&d=mm&r=g\",\"caption\":\"MarcSamson\"},\"url\":\"https:\/\/www.marcsamsonartist.com\/fr\/author\/marc-samson\/\"}]}<\/script>\n<!-- \/ Yoast SEO plugin. -->","yoast_head_json":{"title":"Un SAMSON sur le mur de Patrick | SAMSON ARTISTE","robots":{"index":"index","follow":"follow","max-snippet":"max-snippet:-1","max-image-preview":"max-image-preview:large","max-video-preview":"max-video-preview:-1"},"canonical":"https:\/\/www.marcsamsonartist.com\/fr\/un-samson-sur-le-mur-de-patrick\/","og_locale":"fr_FR","og_type":"article","og_title":"Un SAMSON sur le mur de Patrick | SAMSON ARTISTE","og_description":"La toile contemporaine du portrait \u00ab Patrick \u00bb de Marc Samson, compl\u00e8te parfaitement le design contemporain de cet appartement de Montr\u00e9al, Qu\u00e9bec. Les photographies de cette installation ici-bas d\u00e9montrent \u00e0 quel point la peinture devient le point focal du design de la pi\u00e8ce. Les couleurs audacieuses et les textures guident le regard vers la toile. [&hellip;]","og_url":"https:\/\/www.marcsamsonartist.com\/fr\/un-samson-sur-le-mur-de-patrick\/","og_site_name":"SAMSON ARTISTE","article_published_time":"2015-12-14T15:10:57+00:00","article_modified_time":"2016-01-05T00:34:42+00:00","og_image":[{"url":"http:\/\/www.marcsamsonartist.com\/wp-content\/themes\/photocrati-theme\/photocrati-gallery\/image\/gallery-placeholder-1.gif"}],"twitter_card":"summary","twitter_misc":{"\u00c9crit par":"MarcSamson"},"schema":{"@context":"https:\/\/schema.org","@graph":[{"@type":"WebSite","@id":"https:\/\/www.marcsamsonartist.com\/#website","url":"https:\/\/www.marcsamsonartist.com\/","name":"SAMSON ARTISTE","description":"ARTISTE QU\u00c9BECOIS DE NORTH HATLEY","potentialAction":[{"@type":"SearchAction","target":{"@type":"EntryPoint","urlTemplate":"https:\/\/www.marcsamsonartist.com\/?s={search_term_string}"},"query-input":"required name=search_term_string"}],"inLanguage":"fr-FR"},{"@type":"ImageObject","@id":"https:\/\/www.marcsamsonartist.com\/fr\/un-samson-sur-le-mur-de-patrick\/#primaryimage","inLanguage":"fr-FR","url":"http:\/\/www.marcsamsonartist.com\/wp-content\/themes\/photocrati-theme\/photocrati-gallery\/image\/gallery-placeholder-1.gif","contentUrl":"http:\/\/www.marcsamsonartist.com\/wp-content\/themes\/photocrati-theme\/photocrati-gallery\/image\/gallery-placeholder-1.gif"},{"@type":"WebPage","@id":"https:\/\/www.marcsamsonartist.com\/fr\/un-samson-sur-le-mur-de-patrick\/#webpage","url":"https:\/\/www.marcsamsonartist.com\/fr\/un-samson-sur-le-mur-de-patrick\/","name":"Un SAMSON sur le mur de Patrick | SAMSON ARTISTE","isPartOf":{"@id":"https:\/\/www.marcsamsonartist.com\/#website"},"primaryImageOfPage":{"@id":"https:\/\/www.marcsamsonartist.com\/fr\/un-samson-sur-le-mur-de-patrick\/#primaryimage"},"datePublished":"2015-12-14T15:10:57+00:00","dateModified":"2016-01-05T00:34:42+00:00","author":{"@id":"https:\/\/www.marcsamsonartist.com\/#\/schema\/person\/08bc17a6bde7a04c5afb76e1c9bc9970"},"breadcrumb":{"@id":"https:\/\/www.marcsamsonartist.com\/fr\/un-samson-sur-le-mur-de-patrick\/#breadcrumb"},"inLanguage":"fr-FR","potentialAction":[{"@type":"ReadAction","target":["https:\/\/www.marcsamsonartist.com\/fr\/un-samson-sur-le-mur-de-patrick\/"]}]},{"@type":"BreadcrumbList","@id":"https:\/\/www.marcsamsonartist.com\/fr\/un-samson-sur-le-mur-de-patrick\/#breadcrumb","itemListElement":[{"@type":"ListItem","position":1,"name":"Home","item":"https:\/\/www.marcsamsonartist.com\/fr\/"},{"@type":"ListItem","position":2,"name":"Un SAMSON sur le mur de Patrick"}]},{"@type":"Person","@id":"https:\/\/www.marcsamsonartist.com\/#\/schema\/person\/08bc17a6bde7a04c5afb76e1c9bc9970","name":"MarcSamson","image":{"@type":"ImageObject","@id":"https:\/\/www.marcsamsonartist.com\/#personlogo","inLanguage":"fr-FR","url":"https:\/\/secure.gravatar.com\/avatar\/53db7482c85f4df909bb59ebd8922772?s=96&d=mm&r=g","contentUrl":"https:\/\/secure.gravatar.com\/avatar\/53db7482c85f4df909bb59ebd8922772?s=96&d=mm&r=g","caption":"MarcSamson"},"url":"https:\/\/www.marcsamsonartist.com\/fr\/author\/marc-samson\/"}]}},"_links":{"self":[{"href":"https:\/\/www.marcsamsonartist.com\/fr\/wp-json\/wp\/v2\/posts\/379"}],"collection":[{"href":"https:\/\/www.marcsamsonartist.com\/fr\/wp-json\/wp\/v2\/posts"}],"about":[{"href":"https:\/\/www.marcsamsonartist.com\/fr\/wp-json\/wp\/v2\/types\/post"}],"author":[{"embeddable":true,"href":"https:\/\/www.marcsamsonartist.com\/fr\/wp-json\/wp\/v2\/users\/3"}],"replies":[{"embeddable":true,"href":"https:\/\/www.marcsamsonartist.com\/fr\/wp-json\/wp\/v2\/comments?post=379"}],"version-history":[{"count":4,"href":"https:\/\/www.marcsamsonartist.com\/fr\/wp-json\/wp\/v2\/posts\/379\/revisions"}],"predecessor-version":[{"id":461,"href":"https:\/\/www.marcsamsonartist.com\/fr\/wp-json\/wp\/v2\/posts\/379\/revisions\/461"}],"wp:attachment":[{"href":"https:\/\/www.marcsamsonartist.com\/fr\/wp-json\/wp\/v2\/media?parent=379"}],"wp:term":[{"taxonomy":"category","embeddable":true,"href":"https:\/\/www.marcsamsonartist.com\/fr\/wp-json\/wp\/v2\/categories?post=379"},{"taxonomy":"post_tag","embeddable":true,"href":"https:\/\/www.marcsamsonartist.com\/fr\/wp-json\/wp\/v2\/tags?post=379"}],"curies":[{"name":"wp","href":"https:\/\/api.w.org\/{rel}","templated":true}]}}