{"id":2831,"date":"2021-05-28T12:18:23","date_gmt":"2021-05-28T16:18:23","guid":{"rendered":"http:\/\/www.marcsamsonartist.com\/fr\/?p=2831"},"modified":"2022-09-01T11:12:19","modified_gmt":"2022-09-01T15:12:19","slug":"carmen","status":"publish","type":"post","link":"https:\/\/www.marcsamsonartist.com\/fr\/carmen\/","title":{"rendered":"Carmen"},"content":{"rendered":"<p><img loading=\"lazy\" class=\"alignnone size-large wp-image-2829\" src=\"http:\/\/www.marcsamsonartist.com\/wp-content\/uploads\/2021\/05\/carmen-samson-artiste-627x1024.jpg\" alt=\"\" width=\"627\" height=\"1024\" srcset=\"https:\/\/www.marcsamsonartist.com\/wp-content\/uploads\/2021\/05\/carmen-samson-artiste-627x1024.jpg 627w, https:\/\/www.marcsamsonartist.com\/wp-content\/uploads\/2021\/05\/carmen-samson-artiste-184x300.jpg 184w, https:\/\/www.marcsamsonartist.com\/wp-content\/uploads\/2021\/05\/carmen-samson-artiste-768x1254.jpg 768w\" sizes=\"(max-width: 627px) 100vw, 627px\" \/><\/p>\n<p><strong>CARMEN &#8211; 30\u201d X 48\u201d &#8211; Acrylique et techniques mixtes sur toile.<\/strong><\/p>\n<p>Cette toile sera mise en encan lors du gala-b\u00e9n\u00e9fice annuel de l\u2019Orchestre Classique de Montr\u00e9al du 8 au 22 juin prochain. Cette ann\u00e9e, l\u2019OCM honore la grande Sharon Azrieli, soprano de renom, philanthrope et pr\u00e9sidente \u00e9m\u00e9rite du conseil d\u2019administration de l\u2019orchestre. Afin d\u2019honorer \u00e0 mon tour Madame Azrieli, j\u2019ai choisi de cr\u00e9er ma propre version du personnage CARMEN de la populaire op\u00e9ra du m\u00eame nom.<\/p>\n<p>Cette pi\u00e8ce du compositeur Georges Bizet, raconte l\u2019histoire d\u2019une jeune boh\u00e9mienne de S\u00e9ville en Espagne s\u00e9duisant le brigadier Don Jos\u00e9. En le charmant, elle \u00e9chappe \u00e0 la prison.<\/p>\n<p>Entre les couches de peinture, vous trouverez la partition musicale ainsi que les paroles de \u201cL\u2019amour est un oiseau rebelle\u201d, un plan de la ville de S\u00e9ville (Espagne) et autres textes li\u00e9s \u00e0 cette l\u00e9gendaire composition musicale. Notez aussi les couleurs du drapeau de l\u2019Espagne sur sa joue gauche ainsi que d\u2019autres importants d\u00e9tails que je vous laisse libre de rep\u00e9rer.<\/p>\n<p>Je voudrais remercier le Directeur G\u00e9n\u00e9ral de l\u2019OCM, Taras Kulish pour m\u2019avoir fait confiance dans la cr\u00e9ation de cette oeuvre. Que cette pi\u00e8ce vous fasse sourire \u00e0 chaque fois que vous lui posez regard et qu\u2019elle vous rappelle vos meilleurs moments inoubliables v\u00e9cus en salle de th\u00e9\u00e2tre.<\/p>\n<p>Avec vous, tout en couleurs,<\/p>\n<p>SAMSON<\/p>\n","protected":false},"excerpt":{"rendered":"<p>CARMEN &#8211; 30\u201d X 48\u201d &#8211; Acrylique et techniques mixtes sur toile. Cette toile sera mise en encan lors du gala-b\u00e9n\u00e9fice annuel de l\u2019Orchestre Classique de Montr\u00e9al du 8 au 22 juin prochain. Cette ann\u00e9e, l\u2019OCM honore la grande Sharon Azrieli, soprano de renom, philanthrope et pr\u00e9sidente \u00e9m\u00e9rite du conseil d\u2019administration de l\u2019orchestre. Afin d\u2019honorer [&hellip;]<\/p>\n","protected":false},"author":3,"featured_media":7643,"comment_status":"closed","ping_status":"open","sticky":false,"template":"","format":"standard","meta":{"ngg_post_thumbnail":0},"categories":[12,80],"tags":[],"yoast_head":"<!-- This site is optimized with the Yoast SEO plugin v18.5.1 - https:\/\/yoast.com\/wordpress\/plugins\/seo\/ -->\n<title>Carmen | SAMSON ARTISTE<\/title>\n<meta name=\"robots\" content=\"index, follow, max-snippet:-1, max-image-preview:large, max-video-preview:-1\" \/>\n<link rel=\"canonical\" href=\"https:\/\/www.marcsamsonartist.com\/fr\/carmen\/\" \/>\n<meta property=\"og:locale\" content=\"fr_FR\" \/>\n<meta property=\"og:type\" content=\"article\" \/>\n<meta property=\"og:title\" content=\"Carmen | SAMSON ARTISTE\" \/>\n<meta property=\"og:description\" content=\"CARMEN &#8211; 30\u201d X 48\u201d &#8211; Acrylique et techniques mixtes sur toile. Cette toile sera mise en encan lors du gala-b\u00e9n\u00e9fice annuel de l\u2019Orchestre Classique de Montr\u00e9al du 8 au 22 juin prochain. Cette ann\u00e9e, l\u2019OCM honore la grande Sharon Azrieli, soprano de renom, philanthrope et pr\u00e9sidente \u00e9m\u00e9rite du conseil d\u2019administration de l\u2019orchestre. Afin d\u2019honorer [&hellip;]\" \/>\n<meta property=\"og:url\" content=\"https:\/\/www.marcsamsonartist.com\/fr\/carmen\/\" \/>\n<meta property=\"og:site_name\" content=\"SAMSON ARTISTE\" \/>\n<meta property=\"article:published_time\" content=\"2021-05-28T16:18:23+00:00\" \/>\n<meta property=\"article:modified_time\" content=\"2022-09-01T15:12:19+00:00\" \/>\n<meta property=\"og:image\" content=\"https:\/\/www.marcsamsonartist.com\/wp-content\/uploads\/2021\/05\/carmen-ocm-final-samson-scaled.jpg\" \/>\n\t<meta property=\"og:image:width\" content=\"1581\" \/>\n\t<meta property=\"og:image:height\" content=\"2560\" \/>\n\t<meta property=\"og:image:type\" content=\"image\/jpeg\" \/>\n<meta name=\"twitter:card\" content=\"summary\" \/>\n<meta name=\"twitter:label1\" content=\"\u00c9crit par\" \/>\n\t<meta name=\"twitter:data1\" content=\"MarcSamson\" \/>\n\t<meta name=\"twitter:label2\" content=\"Dur\u00e9e de lecture estim\u00e9e\" \/>\n\t<meta name=\"twitter:data2\" content=\"2 minutes\" \/>\n<script type=\"application\/ld+json\" class=\"yoast-schema-graph\">{\"@context\":\"https:\/\/schema.org\",\"@graph\":[{\"@type\":\"WebSite\",\"@id\":\"https:\/\/www.marcsamsonartist.com\/#website\",\"url\":\"https:\/\/www.marcsamsonartist.com\/\",\"name\":\"SAMSON ARTISTE\",\"description\":\"ARTISTE QU\u00c9BECOIS DE NORTH HATLEY\",\"potentialAction\":[{\"@type\":\"SearchAction\",\"target\":{\"@type\":\"EntryPoint\",\"urlTemplate\":\"https:\/\/www.marcsamsonartist.com\/?s={search_term_string}\"},\"query-input\":\"required name=search_term_string\"}],\"inLanguage\":\"fr-FR\"},{\"@type\":\"ImageObject\",\"@id\":\"https:\/\/www.marcsamsonartist.com\/fr\/carmen\/#primaryimage\",\"inLanguage\":\"fr-FR\",\"url\":\"https:\/\/www.marcsamsonartist.com\/wp-content\/uploads\/2021\/05\/carmen-ocm-final-samson-scaled.jpg\",\"contentUrl\":\"https:\/\/www.marcsamsonartist.com\/wp-content\/uploads\/2021\/05\/carmen-ocm-final-samson-scaled.jpg\",\"width\":1581,\"height\":2560},{\"@type\":\"WebPage\",\"@id\":\"https:\/\/www.marcsamsonartist.com\/fr\/carmen\/#webpage\",\"url\":\"https:\/\/www.marcsamsonartist.com\/fr\/carmen\/\",\"name\":\"Carmen | SAMSON ARTISTE\",\"isPartOf\":{\"@id\":\"https:\/\/www.marcsamsonartist.com\/#website\"},\"primaryImageOfPage\":{\"@id\":\"https:\/\/www.marcsamsonartist.com\/fr\/carmen\/#primaryimage\"},\"datePublished\":\"2021-05-28T16:18:23+00:00\",\"dateModified\":\"2022-09-01T15:12:19+00:00\",\"author\":{\"@id\":\"https:\/\/www.marcsamsonartist.com\/#\/schema\/person\/08bc17a6bde7a04c5afb76e1c9bc9970\"},\"breadcrumb\":{\"@id\":\"https:\/\/www.marcsamsonartist.com\/fr\/carmen\/#breadcrumb\"},\"inLanguage\":\"fr-FR\",\"potentialAction\":[{\"@type\":\"ReadAction\",\"target\":[\"https:\/\/www.marcsamsonartist.com\/fr\/carmen\/\"]}]},{\"@type\":\"BreadcrumbList\",\"@id\":\"https:\/\/www.marcsamsonartist.com\/fr\/carmen\/#breadcrumb\",\"itemListElement\":[{\"@type\":\"ListItem\",\"position\":1,\"name\":\"Home\",\"item\":\"https:\/\/www.marcsamsonartist.com\/fr\/\"},{\"@type\":\"ListItem\",\"position\":2,\"name\":\"Carmen\"}]},{\"@type\":\"Person\",\"@id\":\"https:\/\/www.marcsamsonartist.com\/#\/schema\/person\/08bc17a6bde7a04c5afb76e1c9bc9970\",\"name\":\"MarcSamson\",\"image\":{\"@type\":\"ImageObject\",\"@id\":\"https:\/\/www.marcsamsonartist.com\/#personlogo\",\"inLanguage\":\"fr-FR\",\"url\":\"https:\/\/secure.gravatar.com\/avatar\/53db7482c85f4df909bb59ebd8922772?s=96&d=mm&r=g\",\"contentUrl\":\"https:\/\/secure.gravatar.com\/avatar\/53db7482c85f4df909bb59ebd8922772?s=96&d=mm&r=g\",\"caption\":\"MarcSamson\"},\"url\":\"https:\/\/www.marcsamsonartist.com\/fr\/author\/marc-samson\/\"}]}<\/script>\n<!-- \/ Yoast SEO plugin. -->","yoast_head_json":{"title":"Carmen | SAMSON ARTISTE","robots":{"index":"index","follow":"follow","max-snippet":"max-snippet:-1","max-image-preview":"max-image-preview:large","max-video-preview":"max-video-preview:-1"},"canonical":"https:\/\/www.marcsamsonartist.com\/fr\/carmen\/","og_locale":"fr_FR","og_type":"article","og_title":"Carmen | SAMSON ARTISTE","og_description":"CARMEN &#8211; 30\u201d X 48\u201d &#8211; Acrylique et techniques mixtes sur toile. Cette toile sera mise en encan lors du gala-b\u00e9n\u00e9fice annuel de l\u2019Orchestre Classique de Montr\u00e9al du 8 au 22 juin prochain. Cette ann\u00e9e, l\u2019OCM honore la grande Sharon Azrieli, soprano de renom, philanthrope et pr\u00e9sidente \u00e9m\u00e9rite du conseil d\u2019administration de l\u2019orchestre. Afin d\u2019honorer [&hellip;]","og_url":"https:\/\/www.marcsamsonartist.com\/fr\/carmen\/","og_site_name":"SAMSON ARTISTE","article_published_time":"2021-05-28T16:18:23+00:00","article_modified_time":"2022-09-01T15:12:19+00:00","og_image":[{"width":1581,"height":2560,"url":"https:\/\/www.marcsamsonartist.com\/wp-content\/uploads\/2021\/05\/carmen-ocm-final-samson-scaled.jpg","type":"image\/jpeg"}],"twitter_card":"summary","twitter_misc":{"\u00c9crit par":"MarcSamson","Dur\u00e9e de lecture estim\u00e9e":"2 minutes"},"schema":{"@context":"https:\/\/schema.org","@graph":[{"@type":"WebSite","@id":"https:\/\/www.marcsamsonartist.com\/#website","url":"https:\/\/www.marcsamsonartist.com\/","name":"SAMSON ARTISTE","description":"ARTISTE QU\u00c9BECOIS DE NORTH HATLEY","potentialAction":[{"@type":"SearchAction","target":{"@type":"EntryPoint","urlTemplate":"https:\/\/www.marcsamsonartist.com\/?s={search_term_string}"},"query-input":"required name=search_term_string"}],"inLanguage":"fr-FR"},{"@type":"ImageObject","@id":"https:\/\/www.marcsamsonartist.com\/fr\/carmen\/#primaryimage","inLanguage":"fr-FR","url":"https:\/\/www.marcsamsonartist.com\/wp-content\/uploads\/2021\/05\/carmen-ocm-final-samson-scaled.jpg","contentUrl":"https:\/\/www.marcsamsonartist.com\/wp-content\/uploads\/2021\/05\/carmen-ocm-final-samson-scaled.jpg","width":1581,"height":2560},{"@type":"WebPage","@id":"https:\/\/www.marcsamsonartist.com\/fr\/carmen\/#webpage","url":"https:\/\/www.marcsamsonartist.com\/fr\/carmen\/","name":"Carmen | SAMSON ARTISTE","isPartOf":{"@id":"https:\/\/www.marcsamsonartist.com\/#website"},"primaryImageOfPage":{"@id":"https:\/\/www.marcsamsonartist.com\/fr\/carmen\/#primaryimage"},"datePublished":"2021-05-28T16:18:23+00:00","dateModified":"2022-09-01T15:12:19+00:00","author":{"@id":"https:\/\/www.marcsamsonartist.com\/#\/schema\/person\/08bc17a6bde7a04c5afb76e1c9bc9970"},"breadcrumb":{"@id":"https:\/\/www.marcsamsonartist.com\/fr\/carmen\/#breadcrumb"},"inLanguage":"fr-FR","potentialAction":[{"@type":"ReadAction","target":["https:\/\/www.marcsamsonartist.com\/fr\/carmen\/"]}]},{"@type":"BreadcrumbList","@id":"https:\/\/www.marcsamsonartist.com\/fr\/carmen\/#breadcrumb","itemListElement":[{"@type":"ListItem","position":1,"name":"Home","item":"https:\/\/www.marcsamsonartist.com\/fr\/"},{"@type":"ListItem","position":2,"name":"Carmen"}]},{"@type":"Person","@id":"https:\/\/www.marcsamsonartist.com\/#\/schema\/person\/08bc17a6bde7a04c5afb76e1c9bc9970","name":"MarcSamson","image":{"@type":"ImageObject","@id":"https:\/\/www.marcsamsonartist.com\/#personlogo","inLanguage":"fr-FR","url":"https:\/\/secure.gravatar.com\/avatar\/53db7482c85f4df909bb59ebd8922772?s=96&d=mm&r=g","contentUrl":"https:\/\/secure.gravatar.com\/avatar\/53db7482c85f4df909bb59ebd8922772?s=96&d=mm&r=g","caption":"MarcSamson"},"url":"https:\/\/www.marcsamsonartist.com\/fr\/author\/marc-samson\/"}]}},"_links":{"self":[{"href":"https:\/\/www.marcsamsonartist.com\/fr\/wp-json\/wp\/v2\/posts\/2831"}],"collection":[{"href":"https:\/\/www.marcsamsonartist.com\/fr\/wp-json\/wp\/v2\/posts"}],"about":[{"href":"https:\/\/www.marcsamsonartist.com\/fr\/wp-json\/wp\/v2\/types\/post"}],"author":[{"embeddable":true,"href":"https:\/\/www.marcsamsonartist.com\/fr\/wp-json\/wp\/v2\/users\/3"}],"replies":[{"embeddable":true,"href":"https:\/\/www.marcsamsonartist.com\/fr\/wp-json\/wp\/v2\/comments?post=2831"}],"version-history":[{"count":3,"href":"https:\/\/www.marcsamsonartist.com\/fr\/wp-json\/wp\/v2\/posts\/2831\/revisions"}],"predecessor-version":[{"id":2880,"href":"https:\/\/www.marcsamsonartist.com\/fr\/wp-json\/wp\/v2\/posts\/2831\/revisions\/2880"}],"wp:featuredmedia":[{"embeddable":true,"href":"https:\/\/www.marcsamsonartist.com\/fr\/wp-json\/wp\/v2\/media\/7643"}],"wp:attachment":[{"href":"https:\/\/www.marcsamsonartist.com\/fr\/wp-json\/wp\/v2\/media?parent=2831"}],"wp:term":[{"taxonomy":"category","embeddable":true,"href":"https:\/\/www.marcsamsonartist.com\/fr\/wp-json\/wp\/v2\/categories?post=2831"},{"taxonomy":"post_tag","embeddable":true,"href":"https:\/\/www.marcsamsonartist.com\/fr\/wp-json\/wp\/v2\/tags?post=2831"}],"curies":[{"name":"wp","href":"https:\/\/api.w.org\/{rel}","templated":true}]}}