{"id":2226,"date":"2021-03-08T16:49:51","date_gmt":"2021-03-08T21:49:51","guid":{"rendered":"http:\/\/www.marcsamsonartist.com\/fr\/?p=2226"},"modified":"2021-03-08T17:09:24","modified_gmt":"2021-03-08T22:09:24","slug":"yo-lo-merezco","status":"publish","type":"post","link":"https:\/\/www.marcsamsonartist.com\/fr\/yo-lo-merezco\/","title":{"rendered":"YO ME LO MEREZCO"},"content":{"rendered":"<p><img loading=\"lazy\" class=\"alignnone size-large wp-image-2223\" src=\"http:\/\/www.marcsamsonartist.com\/wp-content\/uploads\/2021\/03\/YO-ME-LO-MEREZCO-645x1024.jpg\" alt=\"\" width=\"645\" height=\"1024\" srcset=\"https:\/\/www.marcsamsonartist.com\/wp-content\/uploads\/2021\/03\/YO-ME-LO-MEREZCO-645x1024.jpg 645w, https:\/\/www.marcsamsonartist.com\/wp-content\/uploads\/2021\/03\/YO-ME-LO-MEREZCO-189x300.jpg 189w, https:\/\/www.marcsamsonartist.com\/wp-content\/uploads\/2021\/03\/YO-ME-LO-MEREZCO-768x1219.jpg 768w, https:\/\/www.marcsamsonartist.com\/wp-content\/uploads\/2021\/03\/YO-ME-LO-MEREZCO-300x476.jpg 300w\" sizes=\"(max-width: 645px) 100vw, 645px\" \/><\/p>\n<p><strong>\u201cYO ME LO MEREZCO\u201d &#8211; 30\u201d x 48\u201d &#8211; Acrylique et techniques mixtes sur toile.<\/strong><\/p>\n<p>Cette toile personnalis\u00e9e raconte le cheminement particulier d\u2019une dame de Charlesbourg (voir effigie de la ville) qui aura d\u00e9di\u00e9 son enfance au patinage artistique. Elle a d\u2019ailleurs remport\u00e9 plusieurs \u00e9loges dans des chalenges de hauts niveaux (voir articles de journaux, carte nationale de passage, ruban, etc.) Ce sport l\u2019a rendue courageuse, r\u00e9siliante et lui a prouv\u00e9 qu\u2019elle peut exceller dans tout ce qu\u2019elle entreprend si elle d\u00e9cide de s\u2019y mettre \u00e0 fond.<\/p>\n<p>La discipline acquise dans ce sport l\u2019a men\u00e9e \u00e0 entreprendre des \u00e9tudes en comptabilit\u00e9 (voir dipl\u00f4me de baccalaur\u00e9at) et ensuite elle aura excell\u00e9 \u00e0 L\u2019Examen Final Uniforme lui donnant le titre de Comptable Agr\u00e9\u00e9. Finalement, pour culminer le tout, notre comptable aura compl\u00e9t\u00e9 sa maitrise en Gestion des Organisations (voir dipl\u00f4me) de l\u2019universit\u00e9 Laval.<\/p>\n<p>Si vous dirigez votre regard vers sa main, vous constatez qu\u2019elle r\u00e9v\u00e8le beaucoup d\u2019information. En premier lieu, ses bagues de fian\u00e7ailles et de mariage (en 2010). Les mots YO ME LO MEREZCO signifiant \u201cje le m\u00e9rite\u201d en espagnol. Ses mots ont d\u2019ailleurs \u00e9t\u00e9 \u00e9crits par son amoureux d\u2019origine panamienne (voir drapeaux du Panama sur sa joue gauche). Vous trouverez aussi quelques items d\u00e9notant ses gouts et int\u00e9r\u00eats soient; un morceau de casse-t\u00eate (papillon), un morceau d\u2019enrobage de bonbon, etc. L\u2019expression Moyocoyotzin d\u2019origine azt\u00e8que signifiant: elle se cr\u00e9e, elle se d\u00e9finie par elle-m\u00eame. Aussi, si vous regardez attentivement, vous constatez que son index a un ongle plus court que ses autres doigts. Ici on veut ramener \u00e0 la m\u00e9moire, une vieille manie qu\u2019elle a maintenant vaincue depuis plusieurs d\u00e9cennies.<\/p>\n<p>On peut retrouv\u00e9 entre les couches de peintures des \u00e9crits de deux de ses meilleures amies, ses propres mots relatant son sentiment d\u2019appartenance \u00e0 la r\u00e9gion du Lac St-Jean ainsi que les voeux de mariage du couple.<\/p>\n<p>En texture, articles de journaux, \u00e9crits d\u2019importance, chaussette en laine tricot\u00e9e par sa grand-m\u00e8re ador\u00e9e ainsi qu\u2019une retaille d\u2019un tissus de ma belle-m\u00e8re.<\/p>\n<p>J\u2019aimerais remercier la propri\u00e9taire de ce portrait de m\u2019avoir fait confiance dans la cr\u00e9ation de cette toile d\u2019une grande signification personnelle. Celle-ci, intitul\u00e9e \u201cYO ME LO MEREZCO\u201d (voulant dire: je le m\u00e9rite en espagnol), \u00e9voque \u00e0 quel point il est important de se rappeler que nous m\u00e9ritons tous de s\u2019offrir des petites r\u00e9compenses de temps \u00e0 autres.<\/p>\n<p>Que cette toile vous fasse sourire \u00e0 chaque fois que vous lui posez regard et vous donne la force d\u2019accomplir des choses encore plus extraordinaires. J\u2019aurai donc atteint mon objectif en tant qu\u2019artiste.<\/p>\n<p>Avec vous tout en couleur,<\/p>\n<p>&nbsp;<\/p>\n<p>SAMSON<\/p>\n","protected":false},"excerpt":{"rendered":"<p>\u201cYO ME LO MEREZCO\u201d &#8211; 30\u201d x 48\u201d &#8211; Acrylique et techniques mixtes sur toile. Cette toile personnalis\u00e9e raconte le cheminement particulier d\u2019une dame de Charlesbourg (voir effigie de la ville) qui aura d\u00e9di\u00e9 son enfance au patinage artistique. Elle a d\u2019ailleurs remport\u00e9 plusieurs \u00e9loges dans des chalenges de hauts niveaux (voir articles de journaux, [&hellip;]<\/p>\n","protected":false},"author":3,"featured_media":0,"comment_status":"closed","ping_status":"open","sticky":false,"template":"","format":"standard","meta":{"ngg_post_thumbnail":0},"categories":[12],"tags":[],"yoast_head":"<!-- This site is optimized with the Yoast SEO plugin v18.5.1 - https:\/\/yoast.com\/wordpress\/plugins\/seo\/ -->\n<title>Yo me lo merezco - portrait contemporaine - Samson Artiste<\/title>\n<meta name=\"robots\" content=\"index, follow, max-snippet:-1, max-image-preview:large, max-video-preview:-1\" \/>\n<link rel=\"canonical\" href=\"https:\/\/www.marcsamsonartist.com\/fr\/yo-lo-merezco\/\" \/>\n<meta property=\"og:locale\" content=\"fr_FR\" \/>\n<meta property=\"og:type\" content=\"article\" \/>\n<meta property=\"og:title\" content=\"Yo me lo merezco - portrait contemporaine - Samson Artiste\" \/>\n<meta property=\"og:description\" content=\"\u201cYO ME LO MEREZCO\u201d &#8211; 30\u201d x 48\u201d &#8211; Acrylique et techniques mixtes sur toile. Cette toile personnalis\u00e9e raconte le cheminement particulier d\u2019une dame de Charlesbourg (voir effigie de la ville) qui aura d\u00e9di\u00e9 son enfance au patinage artistique. Elle a d\u2019ailleurs remport\u00e9 plusieurs \u00e9loges dans des chalenges de hauts niveaux (voir articles de journaux, [&hellip;]\" \/>\n<meta property=\"og:url\" content=\"https:\/\/www.marcsamsonartist.com\/fr\/yo-lo-merezco\/\" \/>\n<meta property=\"og:site_name\" content=\"SAMSON ARTISTE\" \/>\n<meta property=\"article:published_time\" content=\"2021-03-08T21:49:51+00:00\" \/>\n<meta property=\"article:modified_time\" content=\"2021-03-08T22:09:24+00:00\" \/>\n<meta property=\"og:image\" content=\"http:\/\/www.marcsamsonartist.com\/wp-content\/uploads\/2021\/03\/YO-ME-LO-MEREZCO-645x1024.jpg\" \/>\n<meta name=\"twitter:card\" content=\"summary\" \/>\n<meta name=\"twitter:label1\" content=\"\u00c9crit par\" \/>\n\t<meta name=\"twitter:data1\" content=\"MarcSamson\" \/>\n\t<meta name=\"twitter:label2\" content=\"Dur\u00e9e de lecture estim\u00e9e\" \/>\n\t<meta name=\"twitter:data2\" content=\"2 minutes\" \/>\n<script type=\"application\/ld+json\" class=\"yoast-schema-graph\">{\"@context\":\"https:\/\/schema.org\",\"@graph\":[{\"@type\":\"WebSite\",\"@id\":\"https:\/\/www.marcsamsonartist.com\/#website\",\"url\":\"https:\/\/www.marcsamsonartist.com\/\",\"name\":\"SAMSON ARTISTE\",\"description\":\"ARTISTE QU\u00c9BECOIS DE NORTH HATLEY\",\"potentialAction\":[{\"@type\":\"SearchAction\",\"target\":{\"@type\":\"EntryPoint\",\"urlTemplate\":\"https:\/\/www.marcsamsonartist.com\/?s={search_term_string}\"},\"query-input\":\"required name=search_term_string\"}],\"inLanguage\":\"fr-FR\"},{\"@type\":\"ImageObject\",\"@id\":\"https:\/\/www.marcsamsonartist.com\/fr\/yo-lo-merezco\/#primaryimage\",\"inLanguage\":\"fr-FR\",\"url\":\"http:\/\/www.marcsamsonartist.com\/wp-content\/uploads\/2021\/03\/YO-ME-LO-MEREZCO-645x1024.jpg\",\"contentUrl\":\"http:\/\/www.marcsamsonartist.com\/wp-content\/uploads\/2021\/03\/YO-ME-LO-MEREZCO-645x1024.jpg\"},{\"@type\":\"WebPage\",\"@id\":\"https:\/\/www.marcsamsonartist.com\/fr\/yo-lo-merezco\/#webpage\",\"url\":\"https:\/\/www.marcsamsonartist.com\/fr\/yo-lo-merezco\/\",\"name\":\"Yo me lo merezco - portrait contemporaine - Samson Artiste\",\"isPartOf\":{\"@id\":\"https:\/\/www.marcsamsonartist.com\/#website\"},\"primaryImageOfPage\":{\"@id\":\"https:\/\/www.marcsamsonartist.com\/fr\/yo-lo-merezco\/#primaryimage\"},\"datePublished\":\"2021-03-08T21:49:51+00:00\",\"dateModified\":\"2021-03-08T22:09:24+00:00\",\"author\":{\"@id\":\"https:\/\/www.marcsamsonartist.com\/#\/schema\/person\/08bc17a6bde7a04c5afb76e1c9bc9970\"},\"breadcrumb\":{\"@id\":\"https:\/\/www.marcsamsonartist.com\/fr\/yo-lo-merezco\/#breadcrumb\"},\"inLanguage\":\"fr-FR\",\"potentialAction\":[{\"@type\":\"ReadAction\",\"target\":[\"https:\/\/www.marcsamsonartist.com\/fr\/yo-lo-merezco\/\"]}]},{\"@type\":\"BreadcrumbList\",\"@id\":\"https:\/\/www.marcsamsonartist.com\/fr\/yo-lo-merezco\/#breadcrumb\",\"itemListElement\":[{\"@type\":\"ListItem\",\"position\":1,\"name\":\"Home\",\"item\":\"https:\/\/www.marcsamsonartist.com\/fr\/\"},{\"@type\":\"ListItem\",\"position\":2,\"name\":\"YO ME LO MEREZCO\"}]},{\"@type\":\"Person\",\"@id\":\"https:\/\/www.marcsamsonartist.com\/#\/schema\/person\/08bc17a6bde7a04c5afb76e1c9bc9970\",\"name\":\"MarcSamson\",\"image\":{\"@type\":\"ImageObject\",\"@id\":\"https:\/\/www.marcsamsonartist.com\/#personlogo\",\"inLanguage\":\"fr-FR\",\"url\":\"https:\/\/secure.gravatar.com\/avatar\/53db7482c85f4df909bb59ebd8922772?s=96&d=mm&r=g\",\"contentUrl\":\"https:\/\/secure.gravatar.com\/avatar\/53db7482c85f4df909bb59ebd8922772?s=96&d=mm&r=g\",\"caption\":\"MarcSamson\"},\"url\":\"https:\/\/www.marcsamsonartist.com\/fr\/author\/marc-samson\/\"}]}<\/script>\n<!-- \/ Yoast SEO plugin. -->","yoast_head_json":{"title":"Yo me lo merezco - portrait contemporaine - Samson Artiste","robots":{"index":"index","follow":"follow","max-snippet":"max-snippet:-1","max-image-preview":"max-image-preview:large","max-video-preview":"max-video-preview:-1"},"canonical":"https:\/\/www.marcsamsonartist.com\/fr\/yo-lo-merezco\/","og_locale":"fr_FR","og_type":"article","og_title":"Yo me lo merezco - portrait contemporaine - Samson Artiste","og_description":"\u201cYO ME LO MEREZCO\u201d &#8211; 30\u201d x 48\u201d &#8211; Acrylique et techniques mixtes sur toile. Cette toile personnalis\u00e9e raconte le cheminement particulier d\u2019une dame de Charlesbourg (voir effigie de la ville) qui aura d\u00e9di\u00e9 son enfance au patinage artistique. Elle a d\u2019ailleurs remport\u00e9 plusieurs \u00e9loges dans des chalenges de hauts niveaux (voir articles de journaux, [&hellip;]","og_url":"https:\/\/www.marcsamsonartist.com\/fr\/yo-lo-merezco\/","og_site_name":"SAMSON ARTISTE","article_published_time":"2021-03-08T21:49:51+00:00","article_modified_time":"2021-03-08T22:09:24+00:00","og_image":[{"url":"http:\/\/www.marcsamsonartist.com\/wp-content\/uploads\/2021\/03\/YO-ME-LO-MEREZCO-645x1024.jpg"}],"twitter_card":"summary","twitter_misc":{"\u00c9crit par":"MarcSamson","Dur\u00e9e de lecture estim\u00e9e":"2 minutes"},"schema":{"@context":"https:\/\/schema.org","@graph":[{"@type":"WebSite","@id":"https:\/\/www.marcsamsonartist.com\/#website","url":"https:\/\/www.marcsamsonartist.com\/","name":"SAMSON ARTISTE","description":"ARTISTE QU\u00c9BECOIS DE NORTH HATLEY","potentialAction":[{"@type":"SearchAction","target":{"@type":"EntryPoint","urlTemplate":"https:\/\/www.marcsamsonartist.com\/?s={search_term_string}"},"query-input":"required name=search_term_string"}],"inLanguage":"fr-FR"},{"@type":"ImageObject","@id":"https:\/\/www.marcsamsonartist.com\/fr\/yo-lo-merezco\/#primaryimage","inLanguage":"fr-FR","url":"http:\/\/www.marcsamsonartist.com\/wp-content\/uploads\/2021\/03\/YO-ME-LO-MEREZCO-645x1024.jpg","contentUrl":"http:\/\/www.marcsamsonartist.com\/wp-content\/uploads\/2021\/03\/YO-ME-LO-MEREZCO-645x1024.jpg"},{"@type":"WebPage","@id":"https:\/\/www.marcsamsonartist.com\/fr\/yo-lo-merezco\/#webpage","url":"https:\/\/www.marcsamsonartist.com\/fr\/yo-lo-merezco\/","name":"Yo me lo merezco - portrait contemporaine - Samson Artiste","isPartOf":{"@id":"https:\/\/www.marcsamsonartist.com\/#website"},"primaryImageOfPage":{"@id":"https:\/\/www.marcsamsonartist.com\/fr\/yo-lo-merezco\/#primaryimage"},"datePublished":"2021-03-08T21:49:51+00:00","dateModified":"2021-03-08T22:09:24+00:00","author":{"@id":"https:\/\/www.marcsamsonartist.com\/#\/schema\/person\/08bc17a6bde7a04c5afb76e1c9bc9970"},"breadcrumb":{"@id":"https:\/\/www.marcsamsonartist.com\/fr\/yo-lo-merezco\/#breadcrumb"},"inLanguage":"fr-FR","potentialAction":[{"@type":"ReadAction","target":["https:\/\/www.marcsamsonartist.com\/fr\/yo-lo-merezco\/"]}]},{"@type":"BreadcrumbList","@id":"https:\/\/www.marcsamsonartist.com\/fr\/yo-lo-merezco\/#breadcrumb","itemListElement":[{"@type":"ListItem","position":1,"name":"Home","item":"https:\/\/www.marcsamsonartist.com\/fr\/"},{"@type":"ListItem","position":2,"name":"YO ME LO MEREZCO"}]},{"@type":"Person","@id":"https:\/\/www.marcsamsonartist.com\/#\/schema\/person\/08bc17a6bde7a04c5afb76e1c9bc9970","name":"MarcSamson","image":{"@type":"ImageObject","@id":"https:\/\/www.marcsamsonartist.com\/#personlogo","inLanguage":"fr-FR","url":"https:\/\/secure.gravatar.com\/avatar\/53db7482c85f4df909bb59ebd8922772?s=96&d=mm&r=g","contentUrl":"https:\/\/secure.gravatar.com\/avatar\/53db7482c85f4df909bb59ebd8922772?s=96&d=mm&r=g","caption":"MarcSamson"},"url":"https:\/\/www.marcsamsonartist.com\/fr\/author\/marc-samson\/"}]}},"_links":{"self":[{"href":"https:\/\/www.marcsamsonartist.com\/fr\/wp-json\/wp\/v2\/posts\/2226"}],"collection":[{"href":"https:\/\/www.marcsamsonartist.com\/fr\/wp-json\/wp\/v2\/posts"}],"about":[{"href":"https:\/\/www.marcsamsonartist.com\/fr\/wp-json\/wp\/v2\/types\/post"}],"author":[{"embeddable":true,"href":"https:\/\/www.marcsamsonartist.com\/fr\/wp-json\/wp\/v2\/users\/3"}],"replies":[{"embeddable":true,"href":"https:\/\/www.marcsamsonartist.com\/fr\/wp-json\/wp\/v2\/comments?post=2226"}],"version-history":[{"count":2,"href":"https:\/\/www.marcsamsonartist.com\/fr\/wp-json\/wp\/v2\/posts\/2226\/revisions"}],"predecessor-version":[{"id":2228,"href":"https:\/\/www.marcsamsonartist.com\/fr\/wp-json\/wp\/v2\/posts\/2226\/revisions\/2228"}],"wp:attachment":[{"href":"https:\/\/www.marcsamsonartist.com\/fr\/wp-json\/wp\/v2\/media?parent=2226"}],"wp:term":[{"taxonomy":"category","embeddable":true,"href":"https:\/\/www.marcsamsonartist.com\/fr\/wp-json\/wp\/v2\/categories?post=2226"},{"taxonomy":"post_tag","embeddable":true,"href":"https:\/\/www.marcsamsonartist.com\/fr\/wp-json\/wp\/v2\/tags?post=2226"}],"curies":[{"name":"wp","href":"https:\/\/api.w.org\/{rel}","templated":true}]}}