{"id":2061,"date":"2020-12-11T09:00:55","date_gmt":"2020-12-11T14:00:55","guid":{"rendered":"http:\/\/www.marcsamsonartist.com\/fr\/?p=2061"},"modified":"2020-12-09T17:03:16","modified_gmt":"2020-12-09T22:03:16","slug":"le-gars-du-plateau","status":"publish","type":"post","link":"https:\/\/www.marcsamsonartist.com\/fr\/le-gars-du-plateau\/","title":{"rendered":"LE GARS DU PLATEAU"},"content":{"rendered":"<p><img loading=\"lazy\" class=\"alignnone size-large wp-image-2059\" src=\"http:\/\/www.marcsamsonartist.com\/wp-content\/uploads\/2020\/12\/le-gars-du-plateau-770x1024.jpg\" alt=\"\" width=\"770\" height=\"1024\" srcset=\"https:\/\/www.marcsamsonartist.com\/wp-content\/uploads\/2020\/12\/le-gars-du-plateau-770x1024.jpg 770w, https:\/\/www.marcsamsonartist.com\/wp-content\/uploads\/2020\/12\/le-gars-du-plateau-226x300.jpg 226w, https:\/\/www.marcsamsonartist.com\/wp-content\/uploads\/2020\/12\/le-gars-du-plateau-768x1021.jpg 768w, https:\/\/www.marcsamsonartist.com\/wp-content\/uploads\/2020\/12\/le-gars-du-plateau-300x399.jpg 300w\" sizes=\"(max-width: 770px) 100vw, 770px\" \/><\/p>\n<p><strong>LE GARS DU PLATEAU &#8211; 18\u201d X 24&Prime; \u2013 Acrylique et techniques mixtes sur toile.<\/strong><br \/>\nCe personnage branch\u00e9 est un gars typique du Plateau, il n\u2019a pas d\u2019auto mais il se prom\u00e8ne en BIXI et en m\u00e9tro.  Il lit je journal LE PLATEAU et autres journaux montr\u00e9alais. C\u2019est un gars bien terre \u00e0 terre car il porte tr\u00e8s bien les couleurs terre soit les bruns, gris, beige, roux et bien s\u00fbr toute la gamme de rouges et bleus pour compl\u00e9ter le tout. <\/p>\n<p>Entre les couches de peinture, \u00e0 vous de trouver  entre autres une illustration du BIXI de notre b\u00e9d\u00e9iste qu\u00e9b\u00e9cois Michel Rabagliati, des articles de journaux qu\u00e9b\u00e9cois et un plan du m\u00e9tro de Montr\u00e9al.<\/p>\n","protected":false},"excerpt":{"rendered":"<p>LE GARS DU PLATEAU &#8211; 18\u201d X 24&Prime; \u2013 Acrylique et techniques mixtes sur toile. Ce personnage branch\u00e9 est un gars typique du Plateau, il n\u2019a pas d\u2019auto mais il se prom\u00e8ne en BIXI et en m\u00e9tro. Il lit je journal LE PLATEAU et autres journaux montr\u00e9alais. C\u2019est un gars bien terre \u00e0 terre car [&hellip;]<\/p>\n","protected":false},"author":3,"featured_media":0,"comment_status":"closed","ping_status":"open","sticky":false,"template":"","format":"standard","meta":{"ngg_post_thumbnail":0},"categories":[23],"tags":[],"yoast_head":"<!-- This site is optimized with the Yoast SEO plugin v18.5.1 - https:\/\/yoast.com\/wordpress\/plugins\/seo\/ -->\n<title>LE GARS DU PLATEAU | SAMSON ARTISTE<\/title>\n<meta name=\"robots\" content=\"index, follow, max-snippet:-1, max-image-preview:large, max-video-preview:-1\" \/>\n<link rel=\"canonical\" href=\"https:\/\/www.marcsamsonartist.com\/fr\/le-gars-du-plateau\/\" \/>\n<meta property=\"og:locale\" content=\"fr_FR\" \/>\n<meta property=\"og:type\" content=\"article\" \/>\n<meta property=\"og:title\" content=\"LE GARS DU PLATEAU | SAMSON ARTISTE\" \/>\n<meta property=\"og:description\" content=\"LE GARS DU PLATEAU &#8211; 18\u201d X 24&Prime; \u2013 Acrylique et techniques mixtes sur toile. Ce personnage branch\u00e9 est un gars typique du Plateau, il n\u2019a pas d\u2019auto mais il se prom\u00e8ne en BIXI et en m\u00e9tro. Il lit je journal LE PLATEAU et autres journaux montr\u00e9alais. C\u2019est un gars bien terre \u00e0 terre car [&hellip;]\" \/>\n<meta property=\"og:url\" content=\"https:\/\/www.marcsamsonartist.com\/fr\/le-gars-du-plateau\/\" \/>\n<meta property=\"og:site_name\" content=\"SAMSON ARTISTE\" \/>\n<meta property=\"article:published_time\" content=\"2020-12-11T14:00:55+00:00\" \/>\n<meta property=\"article:modified_time\" content=\"2020-12-09T22:03:16+00:00\" \/>\n<meta property=\"og:image\" content=\"http:\/\/www.marcsamsonartist.com\/wp-content\/uploads\/2020\/12\/le-gars-du-plateau-770x1024.jpg\" \/>\n<meta name=\"twitter:card\" content=\"summary\" \/>\n<meta name=\"twitter:label1\" content=\"\u00c9crit par\" \/>\n\t<meta name=\"twitter:data1\" content=\"MarcSamson\" \/>\n\t<meta name=\"twitter:label2\" content=\"Dur\u00e9e de lecture estim\u00e9e\" \/>\n\t<meta name=\"twitter:data2\" content=\"1 minute\" \/>\n<script type=\"application\/ld+json\" class=\"yoast-schema-graph\">{\"@context\":\"https:\/\/schema.org\",\"@graph\":[{\"@type\":\"WebSite\",\"@id\":\"https:\/\/www.marcsamsonartist.com\/#website\",\"url\":\"https:\/\/www.marcsamsonartist.com\/\",\"name\":\"SAMSON ARTISTE\",\"description\":\"ARTISTE QU\u00c9BECOIS DE NORTH HATLEY\",\"potentialAction\":[{\"@type\":\"SearchAction\",\"target\":{\"@type\":\"EntryPoint\",\"urlTemplate\":\"https:\/\/www.marcsamsonartist.com\/?s={search_term_string}\"},\"query-input\":\"required name=search_term_string\"}],\"inLanguage\":\"fr-FR\"},{\"@type\":\"ImageObject\",\"@id\":\"https:\/\/www.marcsamsonartist.com\/fr\/le-gars-du-plateau\/#primaryimage\",\"inLanguage\":\"fr-FR\",\"url\":\"http:\/\/www.marcsamsonartist.com\/wp-content\/uploads\/2020\/12\/le-gars-du-plateau-770x1024.jpg\",\"contentUrl\":\"http:\/\/www.marcsamsonartist.com\/wp-content\/uploads\/2020\/12\/le-gars-du-plateau-770x1024.jpg\"},{\"@type\":\"WebPage\",\"@id\":\"https:\/\/www.marcsamsonartist.com\/fr\/le-gars-du-plateau\/#webpage\",\"url\":\"https:\/\/www.marcsamsonartist.com\/fr\/le-gars-du-plateau\/\",\"name\":\"LE GARS DU PLATEAU | SAMSON ARTISTE\",\"isPartOf\":{\"@id\":\"https:\/\/www.marcsamsonartist.com\/#website\"},\"primaryImageOfPage\":{\"@id\":\"https:\/\/www.marcsamsonartist.com\/fr\/le-gars-du-plateau\/#primaryimage\"},\"datePublished\":\"2020-12-11T14:00:55+00:00\",\"dateModified\":\"2020-12-09T22:03:16+00:00\",\"author\":{\"@id\":\"https:\/\/www.marcsamsonartist.com\/#\/schema\/person\/08bc17a6bde7a04c5afb76e1c9bc9970\"},\"breadcrumb\":{\"@id\":\"https:\/\/www.marcsamsonartist.com\/fr\/le-gars-du-plateau\/#breadcrumb\"},\"inLanguage\":\"fr-FR\",\"potentialAction\":[{\"@type\":\"ReadAction\",\"target\":[\"https:\/\/www.marcsamsonartist.com\/fr\/le-gars-du-plateau\/\"]}]},{\"@type\":\"BreadcrumbList\",\"@id\":\"https:\/\/www.marcsamsonartist.com\/fr\/le-gars-du-plateau\/#breadcrumb\",\"itemListElement\":[{\"@type\":\"ListItem\",\"position\":1,\"name\":\"Home\",\"item\":\"https:\/\/www.marcsamsonartist.com\/fr\/\"},{\"@type\":\"ListItem\",\"position\":2,\"name\":\"LE GARS DU PLATEAU\"}]},{\"@type\":\"Person\",\"@id\":\"https:\/\/www.marcsamsonartist.com\/#\/schema\/person\/08bc17a6bde7a04c5afb76e1c9bc9970\",\"name\":\"MarcSamson\",\"image\":{\"@type\":\"ImageObject\",\"@id\":\"https:\/\/www.marcsamsonartist.com\/#personlogo\",\"inLanguage\":\"fr-FR\",\"url\":\"https:\/\/secure.gravatar.com\/avatar\/53db7482c85f4df909bb59ebd8922772?s=96&d=mm&r=g\",\"contentUrl\":\"https:\/\/secure.gravatar.com\/avatar\/53db7482c85f4df909bb59ebd8922772?s=96&d=mm&r=g\",\"caption\":\"MarcSamson\"},\"url\":\"https:\/\/www.marcsamsonartist.com\/fr\/author\/marc-samson\/\"}]}<\/script>\n<!-- \/ Yoast SEO plugin. -->","yoast_head_json":{"title":"LE GARS DU PLATEAU | SAMSON ARTISTE","robots":{"index":"index","follow":"follow","max-snippet":"max-snippet:-1","max-image-preview":"max-image-preview:large","max-video-preview":"max-video-preview:-1"},"canonical":"https:\/\/www.marcsamsonartist.com\/fr\/le-gars-du-plateau\/","og_locale":"fr_FR","og_type":"article","og_title":"LE GARS DU PLATEAU | SAMSON ARTISTE","og_description":"LE GARS DU PLATEAU &#8211; 18\u201d X 24&Prime; \u2013 Acrylique et techniques mixtes sur toile. Ce personnage branch\u00e9 est un gars typique du Plateau, il n\u2019a pas d\u2019auto mais il se prom\u00e8ne en BIXI et en m\u00e9tro. Il lit je journal LE PLATEAU et autres journaux montr\u00e9alais. C\u2019est un gars bien terre \u00e0 terre car [&hellip;]","og_url":"https:\/\/www.marcsamsonartist.com\/fr\/le-gars-du-plateau\/","og_site_name":"SAMSON ARTISTE","article_published_time":"2020-12-11T14:00:55+00:00","article_modified_time":"2020-12-09T22:03:16+00:00","og_image":[{"url":"http:\/\/www.marcsamsonartist.com\/wp-content\/uploads\/2020\/12\/le-gars-du-plateau-770x1024.jpg"}],"twitter_card":"summary","twitter_misc":{"\u00c9crit par":"MarcSamson","Dur\u00e9e de lecture estim\u00e9e":"1 minute"},"schema":{"@context":"https:\/\/schema.org","@graph":[{"@type":"WebSite","@id":"https:\/\/www.marcsamsonartist.com\/#website","url":"https:\/\/www.marcsamsonartist.com\/","name":"SAMSON ARTISTE","description":"ARTISTE QU\u00c9BECOIS DE NORTH HATLEY","potentialAction":[{"@type":"SearchAction","target":{"@type":"EntryPoint","urlTemplate":"https:\/\/www.marcsamsonartist.com\/?s={search_term_string}"},"query-input":"required name=search_term_string"}],"inLanguage":"fr-FR"},{"@type":"ImageObject","@id":"https:\/\/www.marcsamsonartist.com\/fr\/le-gars-du-plateau\/#primaryimage","inLanguage":"fr-FR","url":"http:\/\/www.marcsamsonartist.com\/wp-content\/uploads\/2020\/12\/le-gars-du-plateau-770x1024.jpg","contentUrl":"http:\/\/www.marcsamsonartist.com\/wp-content\/uploads\/2020\/12\/le-gars-du-plateau-770x1024.jpg"},{"@type":"WebPage","@id":"https:\/\/www.marcsamsonartist.com\/fr\/le-gars-du-plateau\/#webpage","url":"https:\/\/www.marcsamsonartist.com\/fr\/le-gars-du-plateau\/","name":"LE GARS DU PLATEAU | SAMSON ARTISTE","isPartOf":{"@id":"https:\/\/www.marcsamsonartist.com\/#website"},"primaryImageOfPage":{"@id":"https:\/\/www.marcsamsonartist.com\/fr\/le-gars-du-plateau\/#primaryimage"},"datePublished":"2020-12-11T14:00:55+00:00","dateModified":"2020-12-09T22:03:16+00:00","author":{"@id":"https:\/\/www.marcsamsonartist.com\/#\/schema\/person\/08bc17a6bde7a04c5afb76e1c9bc9970"},"breadcrumb":{"@id":"https:\/\/www.marcsamsonartist.com\/fr\/le-gars-du-plateau\/#breadcrumb"},"inLanguage":"fr-FR","potentialAction":[{"@type":"ReadAction","target":["https:\/\/www.marcsamsonartist.com\/fr\/le-gars-du-plateau\/"]}]},{"@type":"BreadcrumbList","@id":"https:\/\/www.marcsamsonartist.com\/fr\/le-gars-du-plateau\/#breadcrumb","itemListElement":[{"@type":"ListItem","position":1,"name":"Home","item":"https:\/\/www.marcsamsonartist.com\/fr\/"},{"@type":"ListItem","position":2,"name":"LE GARS DU PLATEAU"}]},{"@type":"Person","@id":"https:\/\/www.marcsamsonartist.com\/#\/schema\/person\/08bc17a6bde7a04c5afb76e1c9bc9970","name":"MarcSamson","image":{"@type":"ImageObject","@id":"https:\/\/www.marcsamsonartist.com\/#personlogo","inLanguage":"fr-FR","url":"https:\/\/secure.gravatar.com\/avatar\/53db7482c85f4df909bb59ebd8922772?s=96&d=mm&r=g","contentUrl":"https:\/\/secure.gravatar.com\/avatar\/53db7482c85f4df909bb59ebd8922772?s=96&d=mm&r=g","caption":"MarcSamson"},"url":"https:\/\/www.marcsamsonartist.com\/fr\/author\/marc-samson\/"}]}},"_links":{"self":[{"href":"https:\/\/www.marcsamsonartist.com\/fr\/wp-json\/wp\/v2\/posts\/2061"}],"collection":[{"href":"https:\/\/www.marcsamsonartist.com\/fr\/wp-json\/wp\/v2\/posts"}],"about":[{"href":"https:\/\/www.marcsamsonartist.com\/fr\/wp-json\/wp\/v2\/types\/post"}],"author":[{"embeddable":true,"href":"https:\/\/www.marcsamsonartist.com\/fr\/wp-json\/wp\/v2\/users\/3"}],"replies":[{"embeddable":true,"href":"https:\/\/www.marcsamsonartist.com\/fr\/wp-json\/wp\/v2\/comments?post=2061"}],"version-history":[{"count":5,"href":"https:\/\/www.marcsamsonartist.com\/fr\/wp-json\/wp\/v2\/posts\/2061\/revisions"}],"predecessor-version":[{"id":2124,"href":"https:\/\/www.marcsamsonartist.com\/fr\/wp-json\/wp\/v2\/posts\/2061\/revisions\/2124"}],"wp:attachment":[{"href":"https:\/\/www.marcsamsonartist.com\/fr\/wp-json\/wp\/v2\/media?parent=2061"}],"wp:term":[{"taxonomy":"category","embeddable":true,"href":"https:\/\/www.marcsamsonartist.com\/fr\/wp-json\/wp\/v2\/categories?post=2061"},{"taxonomy":"post_tag","embeddable":true,"href":"https:\/\/www.marcsamsonartist.com\/fr\/wp-json\/wp\/v2\/tags?post=2061"}],"curies":[{"name":"wp","href":"https:\/\/api.w.org\/{rel}","templated":true}]}}