{"id":2039,"date":"2020-11-20T09:16:23","date_gmt":"2020-11-20T14:16:23","guid":{"rendered":"http:\/\/www.marcsamsonartist.com\/fr\/?p=2039"},"modified":"2020-11-20T09:17:08","modified_gmt":"2020-11-20T14:17:08","slug":"te-quiero","status":"publish","type":"post","link":"https:\/\/www.marcsamsonartist.com\/fr\/te-quiero\/","title":{"rendered":"TE QUIERO"},"content":{"rendered":"<p><img loading=\"lazy\" class=\"alignnone size-large wp-image-2036\" src=\"http:\/\/www.marcsamsonartist.com\/wp-content\/uploads\/2020\/11\/te-quiero-768x1024.jpg\" alt=\"\" width=\"768\" height=\"1024\" srcset=\"https:\/\/www.marcsamsonartist.com\/wp-content\/uploads\/2020\/11\/te-quiero-768x1024.jpg 768w, https:\/\/www.marcsamsonartist.com\/wp-content\/uploads\/2020\/11\/te-quiero-225x300.jpg 225w, https:\/\/www.marcsamsonartist.com\/wp-content\/uploads\/2020\/11\/te-quiero-300x400.jpg 300w\" sizes=\"(max-width: 768px) 100vw, 768px\" \/><\/p>\n<p class=\"p1\"><span class=\"s1\"><b><i>\u201cTE QUIERO\u201d<\/i> &#8211; 30\u201d X 40\u201d<\/b> &#8211; Acrylique et techniques mixtes sur toile.<\/span><\/p>\n<p class=\"p1\"><span class=\"s1\">Cette toile personnalis\u00e9e fut cr\u00e9\u00e9e pour un couple s\u2019\u00e9tant rencontr\u00e9 il y a presque 30 ans \u00e0 Sainte-Foy, en banlieue de la ville de Qu\u00e9bec.\u00a0<\/span><\/p>\n<p class=\"p1\"><span class=\"s1\">Plusieurs items incorpor\u00e9s dans cette toile racontent quelques chapitres de leur belle romance.\u00a0<\/span><\/p>\n<p class=\"p1\"><span class=\"s1\">En premier lieu, vous voyez un \u201cC\u201d,<span class=\"Apple-converted-space\">\u00a0 <\/span>c\u00f4t\u00e9 coeur de notre personnage.<span class=\"Apple-converted-space\">\u00a0 <\/span>Cela repr\u00e9sente plusieurs significations.<span class=\"Apple-converted-space\">\u00a0 <\/span>La premi\u00e8re, venant de <i>Capitaine<\/i> d\u2019une \u00e9quipe de 4 joueurs.<span class=\"Apple-converted-space\">\u00a0 <\/span>En second lieu, le nom de famille du p\u00e8re et de la m\u00e8re commencent par la lettre \u201cC\u201d.<span class=\"Apple-converted-space\">\u00a0 <\/span>Ils dirigent une \u00e9quipe gagnante \u00e0 l\u2019adresse 5288 (voir branche) au coeur du Plateau de Montr\u00e9al.\u00a0<\/span><\/p>\n<p class=\"p1\"><span class=\"s1\">Si vous regardez sur la branche, vous voyez un petit jonc en or qui fut donn\u00e9 par les parents de la dame lorsque celle-ci \u00e9tait adolescente.<span class=\"Apple-converted-space\">\u00a0 <\/span>Ce m\u00eame jonc fut port\u00e9 en 1992 par le patriarche lors d\u2019un grand voyage de sept mois lorsqu\u2019il travaillait \u00e0 l\u2019Exposition Universelle de S\u00e9ville, en Espagne.\u00a0<\/span><\/p>\n<p class=\"p1\"><span class=\"s1\">Vous pouvez aussi d\u00e9nicher \u00e0 travers les couches de peinture, des lettres d\u2019amour \u00e9crites \u00e0 la main, que nos deux tourtereaux se sont \u00e9chang\u00e9es au d\u00e9but de leur rencontre.\u00a0<\/span><\/p>\n<p class=\"p1\"><span class=\"s1\">Nul autre que le majestueux <i>Chateau Frontenac <\/i>fut le site de leurs fian\u00e7ailles.<span class=\"Apple-converted-space\">\u00a0 <\/span>Vous rep\u00e9rez aussi une photo-silhouette prise lors d\u2019un voyage \u00e0 Hawaii de leurs deux fils, Thomas et Hugo.<\/span><\/p>\n<p class=\"p1\"><span class=\"s1\">\u00c0 vous de trouver les origines de nos deux capitaines soient celles de la m\u00e8re, Saint-Jean-Port-Joli ainsi que S\u00e9ville, en Espagne avec la <i>Bodega Santa Cruz Las Columnas<\/i> qui appartenait au grand-p\u00e8re, cot\u00e9 paternel. <\/span><\/p>\n<p class=\"p1\"><span class=\"s1\">Somme toute, vous voyez la rose rouge que notre sujet garde pr\u00e9cieusement avec ses griffes.<span class=\"Apple-converted-space\">\u00a0 <\/span>Cela repr\u00e9sente le cot\u00e9 romantique du p\u00e8re car celui-ci surprend souvent la m\u00e8re en lui offrant des bouquets de fleurs sans n\u00e9cessairement avoir \u00e0 souligner des anniversaires ou autres \u00e9v\u00e9nements pr\u00e9cis.<span class=\"Apple-converted-space\">\u00a0 <\/span>La grande raison de ce geste est de dire \u201cTe Quiero\u201d \u00e0 celle qui adore tendrement et profond\u00e9ment.<span class=\"Apple-converted-space\">\u00a0 <\/span>Il est d\u2019ailleurs pour cette raison que j\u2019ai intitul\u00e9 cette cr\u00e9ation: <b><i>\u201cTE QUIERO\u201d<\/i><\/b> voulant dire <i>je t\u2019aime<\/i> en espagnol. <\/span><\/p>\n<p class=\"p1\"><span class=\"s1\">Je voudrais remercier Claire et Pablo pour m\u2019avoir fait confiance dans la cr\u00e9ation de cette pi\u00e8ce que je qualifie tr\u00e8s romantique.<span class=\"Apple-converted-space\">\u00a0 <\/span>Que cette toile vous fasse sourire \u00e0 chaque fois que vous lui posez regard et qu\u2019elle alimente le feu de votre amour.<\/span><\/p>\n<p class=\"p1\"><span class=\"s1\">Merci,<\/span><\/p>\n<p class=\"p1\"><span class=\"s1\">SAMSON<\/span><\/p>\n","protected":false},"excerpt":{"rendered":"<p>\u201cTE QUIERO\u201d &#8211; 30\u201d X 40\u201d &#8211; Acrylique et techniques mixtes sur toile. Cette toile personnalis\u00e9e fut cr\u00e9\u00e9e pour un couple s\u2019\u00e9tant rencontr\u00e9 il y a presque 30 ans \u00e0 Sainte-Foy, en banlieue de la ville de Qu\u00e9bec.\u00a0 Plusieurs items incorpor\u00e9s dans cette toile racontent quelques chapitres de leur belle romance.\u00a0 En premier lieu, vous [&hellip;]<\/p>\n","protected":false},"author":3,"featured_media":0,"comment_status":"closed","ping_status":"open","sticky":false,"template":"","format":"standard","meta":{"ngg_post_thumbnail":0},"categories":[23],"tags":[],"yoast_head":"<!-- This site is optimized with the Yoast SEO plugin v18.5.1 - https:\/\/yoast.com\/wordpress\/plugins\/seo\/ -->\n<title>TE QUIERO | SAMSON ARTISTE<\/title>\n<meta name=\"robots\" content=\"index, follow, max-snippet:-1, max-image-preview:large, max-video-preview:-1\" \/>\n<link rel=\"canonical\" href=\"https:\/\/www.marcsamsonartist.com\/fr\/te-quiero\/\" \/>\n<meta property=\"og:locale\" content=\"fr_FR\" \/>\n<meta property=\"og:type\" content=\"article\" \/>\n<meta property=\"og:title\" content=\"TE QUIERO | SAMSON ARTISTE\" \/>\n<meta property=\"og:description\" content=\"\u201cTE QUIERO\u201d &#8211; 30\u201d X 40\u201d &#8211; Acrylique et techniques mixtes sur toile. Cette toile personnalis\u00e9e fut cr\u00e9\u00e9e pour un couple s\u2019\u00e9tant rencontr\u00e9 il y a presque 30 ans \u00e0 Sainte-Foy, en banlieue de la ville de Qu\u00e9bec.\u00a0 Plusieurs items incorpor\u00e9s dans cette toile racontent quelques chapitres de leur belle romance.\u00a0 En premier lieu, vous [&hellip;]\" \/>\n<meta property=\"og:url\" content=\"https:\/\/www.marcsamsonartist.com\/fr\/te-quiero\/\" \/>\n<meta property=\"og:site_name\" content=\"SAMSON ARTISTE\" \/>\n<meta property=\"article:published_time\" content=\"2020-11-20T14:16:23+00:00\" \/>\n<meta property=\"article:modified_time\" content=\"2020-11-20T14:17:08+00:00\" \/>\n<meta property=\"og:image\" content=\"http:\/\/www.marcsamsonartist.com\/wp-content\/uploads\/2020\/11\/te-quiero-768x1024.jpg\" \/>\n<meta name=\"twitter:card\" content=\"summary\" \/>\n<meta name=\"twitter:label1\" content=\"\u00c9crit par\" \/>\n\t<meta name=\"twitter:data1\" content=\"MarcSamson\" \/>\n\t<meta name=\"twitter:label2\" content=\"Dur\u00e9e de lecture estim\u00e9e\" \/>\n\t<meta name=\"twitter:data2\" content=\"2 minutes\" \/>\n<script type=\"application\/ld+json\" class=\"yoast-schema-graph\">{\"@context\":\"https:\/\/schema.org\",\"@graph\":[{\"@type\":\"WebSite\",\"@id\":\"https:\/\/www.marcsamsonartist.com\/#website\",\"url\":\"https:\/\/www.marcsamsonartist.com\/\",\"name\":\"SAMSON ARTISTE\",\"description\":\"ARTISTE QU\u00c9BECOIS DE NORTH HATLEY\",\"potentialAction\":[{\"@type\":\"SearchAction\",\"target\":{\"@type\":\"EntryPoint\",\"urlTemplate\":\"https:\/\/www.marcsamsonartist.com\/?s={search_term_string}\"},\"query-input\":\"required name=search_term_string\"}],\"inLanguage\":\"fr-FR\"},{\"@type\":\"ImageObject\",\"@id\":\"https:\/\/www.marcsamsonartist.com\/fr\/te-quiero\/#primaryimage\",\"inLanguage\":\"fr-FR\",\"url\":\"http:\/\/www.marcsamsonartist.com\/wp-content\/uploads\/2020\/11\/te-quiero-768x1024.jpg\",\"contentUrl\":\"http:\/\/www.marcsamsonartist.com\/wp-content\/uploads\/2020\/11\/te-quiero-768x1024.jpg\"},{\"@type\":\"WebPage\",\"@id\":\"https:\/\/www.marcsamsonartist.com\/fr\/te-quiero\/#webpage\",\"url\":\"https:\/\/www.marcsamsonartist.com\/fr\/te-quiero\/\",\"name\":\"TE QUIERO | SAMSON ARTISTE\",\"isPartOf\":{\"@id\":\"https:\/\/www.marcsamsonartist.com\/#website\"},\"primaryImageOfPage\":{\"@id\":\"https:\/\/www.marcsamsonartist.com\/fr\/te-quiero\/#primaryimage\"},\"datePublished\":\"2020-11-20T14:16:23+00:00\",\"dateModified\":\"2020-11-20T14:17:08+00:00\",\"author\":{\"@id\":\"https:\/\/www.marcsamsonartist.com\/#\/schema\/person\/08bc17a6bde7a04c5afb76e1c9bc9970\"},\"breadcrumb\":{\"@id\":\"https:\/\/www.marcsamsonartist.com\/fr\/te-quiero\/#breadcrumb\"},\"inLanguage\":\"fr-FR\",\"potentialAction\":[{\"@type\":\"ReadAction\",\"target\":[\"https:\/\/www.marcsamsonartist.com\/fr\/te-quiero\/\"]}]},{\"@type\":\"BreadcrumbList\",\"@id\":\"https:\/\/www.marcsamsonartist.com\/fr\/te-quiero\/#breadcrumb\",\"itemListElement\":[{\"@type\":\"ListItem\",\"position\":1,\"name\":\"Home\",\"item\":\"https:\/\/www.marcsamsonartist.com\/fr\/\"},{\"@type\":\"ListItem\",\"position\":2,\"name\":\"TE QUIERO\"}]},{\"@type\":\"Person\",\"@id\":\"https:\/\/www.marcsamsonartist.com\/#\/schema\/person\/08bc17a6bde7a04c5afb76e1c9bc9970\",\"name\":\"MarcSamson\",\"image\":{\"@type\":\"ImageObject\",\"@id\":\"https:\/\/www.marcsamsonartist.com\/#personlogo\",\"inLanguage\":\"fr-FR\",\"url\":\"https:\/\/secure.gravatar.com\/avatar\/53db7482c85f4df909bb59ebd8922772?s=96&d=mm&r=g\",\"contentUrl\":\"https:\/\/secure.gravatar.com\/avatar\/53db7482c85f4df909bb59ebd8922772?s=96&d=mm&r=g\",\"caption\":\"MarcSamson\"},\"url\":\"https:\/\/www.marcsamsonartist.com\/fr\/author\/marc-samson\/\"}]}<\/script>\n<!-- \/ Yoast SEO plugin. -->","yoast_head_json":{"title":"TE QUIERO | SAMSON ARTISTE","robots":{"index":"index","follow":"follow","max-snippet":"max-snippet:-1","max-image-preview":"max-image-preview:large","max-video-preview":"max-video-preview:-1"},"canonical":"https:\/\/www.marcsamsonartist.com\/fr\/te-quiero\/","og_locale":"fr_FR","og_type":"article","og_title":"TE QUIERO | SAMSON ARTISTE","og_description":"\u201cTE QUIERO\u201d &#8211; 30\u201d X 40\u201d &#8211; Acrylique et techniques mixtes sur toile. Cette toile personnalis\u00e9e fut cr\u00e9\u00e9e pour un couple s\u2019\u00e9tant rencontr\u00e9 il y a presque 30 ans \u00e0 Sainte-Foy, en banlieue de la ville de Qu\u00e9bec.\u00a0 Plusieurs items incorpor\u00e9s dans cette toile racontent quelques chapitres de leur belle romance.\u00a0 En premier lieu, vous [&hellip;]","og_url":"https:\/\/www.marcsamsonartist.com\/fr\/te-quiero\/","og_site_name":"SAMSON ARTISTE","article_published_time":"2020-11-20T14:16:23+00:00","article_modified_time":"2020-11-20T14:17:08+00:00","og_image":[{"url":"http:\/\/www.marcsamsonartist.com\/wp-content\/uploads\/2020\/11\/te-quiero-768x1024.jpg"}],"twitter_card":"summary","twitter_misc":{"\u00c9crit par":"MarcSamson","Dur\u00e9e de lecture estim\u00e9e":"2 minutes"},"schema":{"@context":"https:\/\/schema.org","@graph":[{"@type":"WebSite","@id":"https:\/\/www.marcsamsonartist.com\/#website","url":"https:\/\/www.marcsamsonartist.com\/","name":"SAMSON ARTISTE","description":"ARTISTE QU\u00c9BECOIS DE NORTH HATLEY","potentialAction":[{"@type":"SearchAction","target":{"@type":"EntryPoint","urlTemplate":"https:\/\/www.marcsamsonartist.com\/?s={search_term_string}"},"query-input":"required name=search_term_string"}],"inLanguage":"fr-FR"},{"@type":"ImageObject","@id":"https:\/\/www.marcsamsonartist.com\/fr\/te-quiero\/#primaryimage","inLanguage":"fr-FR","url":"http:\/\/www.marcsamsonartist.com\/wp-content\/uploads\/2020\/11\/te-quiero-768x1024.jpg","contentUrl":"http:\/\/www.marcsamsonartist.com\/wp-content\/uploads\/2020\/11\/te-quiero-768x1024.jpg"},{"@type":"WebPage","@id":"https:\/\/www.marcsamsonartist.com\/fr\/te-quiero\/#webpage","url":"https:\/\/www.marcsamsonartist.com\/fr\/te-quiero\/","name":"TE QUIERO | SAMSON ARTISTE","isPartOf":{"@id":"https:\/\/www.marcsamsonartist.com\/#website"},"primaryImageOfPage":{"@id":"https:\/\/www.marcsamsonartist.com\/fr\/te-quiero\/#primaryimage"},"datePublished":"2020-11-20T14:16:23+00:00","dateModified":"2020-11-20T14:17:08+00:00","author":{"@id":"https:\/\/www.marcsamsonartist.com\/#\/schema\/person\/08bc17a6bde7a04c5afb76e1c9bc9970"},"breadcrumb":{"@id":"https:\/\/www.marcsamsonartist.com\/fr\/te-quiero\/#breadcrumb"},"inLanguage":"fr-FR","potentialAction":[{"@type":"ReadAction","target":["https:\/\/www.marcsamsonartist.com\/fr\/te-quiero\/"]}]},{"@type":"BreadcrumbList","@id":"https:\/\/www.marcsamsonartist.com\/fr\/te-quiero\/#breadcrumb","itemListElement":[{"@type":"ListItem","position":1,"name":"Home","item":"https:\/\/www.marcsamsonartist.com\/fr\/"},{"@type":"ListItem","position":2,"name":"TE QUIERO"}]},{"@type":"Person","@id":"https:\/\/www.marcsamsonartist.com\/#\/schema\/person\/08bc17a6bde7a04c5afb76e1c9bc9970","name":"MarcSamson","image":{"@type":"ImageObject","@id":"https:\/\/www.marcsamsonartist.com\/#personlogo","inLanguage":"fr-FR","url":"https:\/\/secure.gravatar.com\/avatar\/53db7482c85f4df909bb59ebd8922772?s=96&d=mm&r=g","contentUrl":"https:\/\/secure.gravatar.com\/avatar\/53db7482c85f4df909bb59ebd8922772?s=96&d=mm&r=g","caption":"MarcSamson"},"url":"https:\/\/www.marcsamsonartist.com\/fr\/author\/marc-samson\/"}]}},"_links":{"self":[{"href":"https:\/\/www.marcsamsonartist.com\/fr\/wp-json\/wp\/v2\/posts\/2039"}],"collection":[{"href":"https:\/\/www.marcsamsonartist.com\/fr\/wp-json\/wp\/v2\/posts"}],"about":[{"href":"https:\/\/www.marcsamsonartist.com\/fr\/wp-json\/wp\/v2\/types\/post"}],"author":[{"embeddable":true,"href":"https:\/\/www.marcsamsonartist.com\/fr\/wp-json\/wp\/v2\/users\/3"}],"replies":[{"embeddable":true,"href":"https:\/\/www.marcsamsonartist.com\/fr\/wp-json\/wp\/v2\/comments?post=2039"}],"version-history":[{"count":2,"href":"https:\/\/www.marcsamsonartist.com\/fr\/wp-json\/wp\/v2\/posts\/2039\/revisions"}],"predecessor-version":[{"id":2041,"href":"https:\/\/www.marcsamsonartist.com\/fr\/wp-json\/wp\/v2\/posts\/2039\/revisions\/2041"}],"wp:attachment":[{"href":"https:\/\/www.marcsamsonartist.com\/fr\/wp-json\/wp\/v2\/media?parent=2039"}],"wp:term":[{"taxonomy":"category","embeddable":true,"href":"https:\/\/www.marcsamsonartist.com\/fr\/wp-json\/wp\/v2\/categories?post=2039"},{"taxonomy":"post_tag","embeddable":true,"href":"https:\/\/www.marcsamsonartist.com\/fr\/wp-json\/wp\/v2\/tags?post=2039"}],"curies":[{"name":"wp","href":"https:\/\/api.w.org\/{rel}","templated":true}]}}