{"id":1914,"date":"2020-05-27T11:20:41","date_gmt":"2020-05-27T15:20:41","guid":{"rendered":"http:\/\/www.marcsamsonartist.com\/fr\/?p=1914"},"modified":"2020-05-27T11:21:40","modified_gmt":"2020-05-27T15:21:40","slug":"mon-crapet-soleil","status":"publish","type":"post","link":"https:\/\/www.marcsamsonartist.com\/fr\/mon-crapet-soleil\/","title":{"rendered":"MON CRAPET-SOLEIL"},"content":{"rendered":"<p><img loading=\"lazy\" class=\"alignnone size-large wp-image-1916\" src=\"http:\/\/www.marcsamsonartist.com\/wp-content\/uploads\/2020\/05\/mon-crapet-soleil-samson-artiste-1024x797.jpg\" alt=\"\" width=\"1024\" height=\"797\" srcset=\"https:\/\/www.marcsamsonartist.com\/wp-content\/uploads\/2020\/05\/mon-crapet-soleil-samson-artiste-1024x797.jpg 1024w, https:\/\/www.marcsamsonartist.com\/wp-content\/uploads\/2020\/05\/mon-crapet-soleil-samson-artiste-300x234.jpg 300w, https:\/\/www.marcsamsonartist.com\/wp-content\/uploads\/2020\/05\/mon-crapet-soleil-samson-artiste-768x598.jpg 768w\" sizes=\"(max-width: 1024px) 100vw, 1024px\" \/><\/p>\n<p><strong>MON CRAPET-SOLEIL &#8211; 30\u201d X 24\u201d<\/strong><\/p>\n<p>Lorsque j\u2019\u00e9tais petit, j\u2019ai eu la chance de grandir et de profiter d\u2019un chalet familial en bordure du lac Magog, dans les Cantons de l\u2019est. Je me souviens que personne n&rsquo;aimait les crapet-soleil car ils n\u2019\u00e9taient pas comestibles et qu\u2019ils nous mordillaient les orteils. Cependant, je les trouvais tellement magnifiques par leur couleurs flamboyantes qui luisaient au soleil. J\u2019esp\u00e8re qu\u2019avec cette version vous les affectionnerez \u00e0 votre tour.<\/p>\n<p>En texture: Plan du m\u00e9tro de Montr\u00e9al, croquis du b\u00e9d\u00e9iste qu\u00e9b\u00e9cois Michel Rabagliati, articles de revues, Batman, pl\u00e2tre et jute.<\/p>\n","protected":false},"excerpt":{"rendered":"<p>MON CRAPET-SOLEIL &#8211; 30\u201d X 24\u201d Lorsque j\u2019\u00e9tais petit, j\u2019ai eu la chance de grandir et de profiter d\u2019un chalet familial en bordure du lac Magog, dans les Cantons de l\u2019est. Je me souviens que personne n&rsquo;aimait les crapet-soleil car ils n\u2019\u00e9taient pas comestibles et qu\u2019ils nous mordillaient les orteils. Cependant, je les trouvais tellement [&hellip;]<\/p>\n","protected":false},"author":3,"featured_media":0,"comment_status":"closed","ping_status":"open","sticky":false,"template":"","format":"standard","meta":{"ngg_post_thumbnail":0},"categories":[41],"tags":[],"yoast_head":"<!-- This site is optimized with the Yoast SEO plugin v18.5.1 - https:\/\/yoast.com\/wordpress\/plugins\/seo\/ -->\n<title>MON CRAPET-SOLEIL | SAMSON ARTISTE<\/title>\n<meta name=\"robots\" content=\"index, follow, max-snippet:-1, max-image-preview:large, max-video-preview:-1\" \/>\n<link rel=\"canonical\" href=\"https:\/\/www.marcsamsonartist.com\/fr\/mon-crapet-soleil\/\" \/>\n<meta property=\"og:locale\" content=\"fr_FR\" \/>\n<meta property=\"og:type\" content=\"article\" \/>\n<meta property=\"og:title\" content=\"MON CRAPET-SOLEIL | SAMSON ARTISTE\" \/>\n<meta property=\"og:description\" content=\"MON CRAPET-SOLEIL &#8211; 30\u201d X 24\u201d Lorsque j\u2019\u00e9tais petit, j\u2019ai eu la chance de grandir et de profiter d\u2019un chalet familial en bordure du lac Magog, dans les Cantons de l\u2019est. Je me souviens que personne n&rsquo;aimait les crapet-soleil car ils n\u2019\u00e9taient pas comestibles et qu\u2019ils nous mordillaient les orteils. Cependant, je les trouvais tellement [&hellip;]\" \/>\n<meta property=\"og:url\" content=\"https:\/\/www.marcsamsonartist.com\/fr\/mon-crapet-soleil\/\" \/>\n<meta property=\"og:site_name\" content=\"SAMSON ARTISTE\" \/>\n<meta property=\"article:published_time\" content=\"2020-05-27T15:20:41+00:00\" \/>\n<meta property=\"article:modified_time\" content=\"2020-05-27T15:21:40+00:00\" \/>\n<meta property=\"og:image\" content=\"http:\/\/www.marcsamsonartist.com\/wp-content\/uploads\/2020\/05\/mon-crapet-soleil-samson-artiste-1024x797.jpg\" \/>\n<meta name=\"twitter:card\" content=\"summary\" \/>\n<meta name=\"twitter:label1\" content=\"\u00c9crit par\" \/>\n\t<meta name=\"twitter:data1\" content=\"MarcSamson\" \/>\n\t<meta name=\"twitter:label2\" content=\"Dur\u00e9e de lecture estim\u00e9e\" \/>\n\t<meta name=\"twitter:data2\" content=\"1 minute\" \/>\n<script type=\"application\/ld+json\" class=\"yoast-schema-graph\">{\"@context\":\"https:\/\/schema.org\",\"@graph\":[{\"@type\":\"WebSite\",\"@id\":\"https:\/\/www.marcsamsonartist.com\/#website\",\"url\":\"https:\/\/www.marcsamsonartist.com\/\",\"name\":\"SAMSON ARTISTE\",\"description\":\"ARTISTE QU\u00c9BECOIS DE NORTH HATLEY\",\"potentialAction\":[{\"@type\":\"SearchAction\",\"target\":{\"@type\":\"EntryPoint\",\"urlTemplate\":\"https:\/\/www.marcsamsonartist.com\/?s={search_term_string}\"},\"query-input\":\"required name=search_term_string\"}],\"inLanguage\":\"fr-FR\"},{\"@type\":\"ImageObject\",\"@id\":\"https:\/\/www.marcsamsonartist.com\/fr\/mon-crapet-soleil\/#primaryimage\",\"inLanguage\":\"fr-FR\",\"url\":\"http:\/\/www.marcsamsonartist.com\/wp-content\/uploads\/2020\/05\/mon-crapet-soleil-samson-artiste-1024x797.jpg\",\"contentUrl\":\"http:\/\/www.marcsamsonartist.com\/wp-content\/uploads\/2020\/05\/mon-crapet-soleil-samson-artiste-1024x797.jpg\"},{\"@type\":\"WebPage\",\"@id\":\"https:\/\/www.marcsamsonartist.com\/fr\/mon-crapet-soleil\/#webpage\",\"url\":\"https:\/\/www.marcsamsonartist.com\/fr\/mon-crapet-soleil\/\",\"name\":\"MON CRAPET-SOLEIL | SAMSON ARTISTE\",\"isPartOf\":{\"@id\":\"https:\/\/www.marcsamsonartist.com\/#website\"},\"primaryImageOfPage\":{\"@id\":\"https:\/\/www.marcsamsonartist.com\/fr\/mon-crapet-soleil\/#primaryimage\"},\"datePublished\":\"2020-05-27T15:20:41+00:00\",\"dateModified\":\"2020-05-27T15:21:40+00:00\",\"author\":{\"@id\":\"https:\/\/www.marcsamsonartist.com\/#\/schema\/person\/08bc17a6bde7a04c5afb76e1c9bc9970\"},\"breadcrumb\":{\"@id\":\"https:\/\/www.marcsamsonartist.com\/fr\/mon-crapet-soleil\/#breadcrumb\"},\"inLanguage\":\"fr-FR\",\"potentialAction\":[{\"@type\":\"ReadAction\",\"target\":[\"https:\/\/www.marcsamsonartist.com\/fr\/mon-crapet-soleil\/\"]}]},{\"@type\":\"BreadcrumbList\",\"@id\":\"https:\/\/www.marcsamsonartist.com\/fr\/mon-crapet-soleil\/#breadcrumb\",\"itemListElement\":[{\"@type\":\"ListItem\",\"position\":1,\"name\":\"Home\",\"item\":\"https:\/\/www.marcsamsonartist.com\/fr\/\"},{\"@type\":\"ListItem\",\"position\":2,\"name\":\"MON CRAPET-SOLEIL\"}]},{\"@type\":\"Person\",\"@id\":\"https:\/\/www.marcsamsonartist.com\/#\/schema\/person\/08bc17a6bde7a04c5afb76e1c9bc9970\",\"name\":\"MarcSamson\",\"image\":{\"@type\":\"ImageObject\",\"@id\":\"https:\/\/www.marcsamsonartist.com\/#personlogo\",\"inLanguage\":\"fr-FR\",\"url\":\"https:\/\/secure.gravatar.com\/avatar\/53db7482c85f4df909bb59ebd8922772?s=96&d=mm&r=g\",\"contentUrl\":\"https:\/\/secure.gravatar.com\/avatar\/53db7482c85f4df909bb59ebd8922772?s=96&d=mm&r=g\",\"caption\":\"MarcSamson\"},\"url\":\"https:\/\/www.marcsamsonartist.com\/fr\/author\/marc-samson\/\"}]}<\/script>\n<!-- \/ Yoast SEO plugin. -->","yoast_head_json":{"title":"MON CRAPET-SOLEIL | SAMSON ARTISTE","robots":{"index":"index","follow":"follow","max-snippet":"max-snippet:-1","max-image-preview":"max-image-preview:large","max-video-preview":"max-video-preview:-1"},"canonical":"https:\/\/www.marcsamsonartist.com\/fr\/mon-crapet-soleil\/","og_locale":"fr_FR","og_type":"article","og_title":"MON CRAPET-SOLEIL | SAMSON ARTISTE","og_description":"MON CRAPET-SOLEIL &#8211; 30\u201d X 24\u201d Lorsque j\u2019\u00e9tais petit, j\u2019ai eu la chance de grandir et de profiter d\u2019un chalet familial en bordure du lac Magog, dans les Cantons de l\u2019est. Je me souviens que personne n&rsquo;aimait les crapet-soleil car ils n\u2019\u00e9taient pas comestibles et qu\u2019ils nous mordillaient les orteils. Cependant, je les trouvais tellement [&hellip;]","og_url":"https:\/\/www.marcsamsonartist.com\/fr\/mon-crapet-soleil\/","og_site_name":"SAMSON ARTISTE","article_published_time":"2020-05-27T15:20:41+00:00","article_modified_time":"2020-05-27T15:21:40+00:00","og_image":[{"url":"http:\/\/www.marcsamsonartist.com\/wp-content\/uploads\/2020\/05\/mon-crapet-soleil-samson-artiste-1024x797.jpg"}],"twitter_card":"summary","twitter_misc":{"\u00c9crit par":"MarcSamson","Dur\u00e9e de lecture estim\u00e9e":"1 minute"},"schema":{"@context":"https:\/\/schema.org","@graph":[{"@type":"WebSite","@id":"https:\/\/www.marcsamsonartist.com\/#website","url":"https:\/\/www.marcsamsonartist.com\/","name":"SAMSON ARTISTE","description":"ARTISTE QU\u00c9BECOIS DE NORTH HATLEY","potentialAction":[{"@type":"SearchAction","target":{"@type":"EntryPoint","urlTemplate":"https:\/\/www.marcsamsonartist.com\/?s={search_term_string}"},"query-input":"required name=search_term_string"}],"inLanguage":"fr-FR"},{"@type":"ImageObject","@id":"https:\/\/www.marcsamsonartist.com\/fr\/mon-crapet-soleil\/#primaryimage","inLanguage":"fr-FR","url":"http:\/\/www.marcsamsonartist.com\/wp-content\/uploads\/2020\/05\/mon-crapet-soleil-samson-artiste-1024x797.jpg","contentUrl":"http:\/\/www.marcsamsonartist.com\/wp-content\/uploads\/2020\/05\/mon-crapet-soleil-samson-artiste-1024x797.jpg"},{"@type":"WebPage","@id":"https:\/\/www.marcsamsonartist.com\/fr\/mon-crapet-soleil\/#webpage","url":"https:\/\/www.marcsamsonartist.com\/fr\/mon-crapet-soleil\/","name":"MON CRAPET-SOLEIL | SAMSON ARTISTE","isPartOf":{"@id":"https:\/\/www.marcsamsonartist.com\/#website"},"primaryImageOfPage":{"@id":"https:\/\/www.marcsamsonartist.com\/fr\/mon-crapet-soleil\/#primaryimage"},"datePublished":"2020-05-27T15:20:41+00:00","dateModified":"2020-05-27T15:21:40+00:00","author":{"@id":"https:\/\/www.marcsamsonartist.com\/#\/schema\/person\/08bc17a6bde7a04c5afb76e1c9bc9970"},"breadcrumb":{"@id":"https:\/\/www.marcsamsonartist.com\/fr\/mon-crapet-soleil\/#breadcrumb"},"inLanguage":"fr-FR","potentialAction":[{"@type":"ReadAction","target":["https:\/\/www.marcsamsonartist.com\/fr\/mon-crapet-soleil\/"]}]},{"@type":"BreadcrumbList","@id":"https:\/\/www.marcsamsonartist.com\/fr\/mon-crapet-soleil\/#breadcrumb","itemListElement":[{"@type":"ListItem","position":1,"name":"Home","item":"https:\/\/www.marcsamsonartist.com\/fr\/"},{"@type":"ListItem","position":2,"name":"MON CRAPET-SOLEIL"}]},{"@type":"Person","@id":"https:\/\/www.marcsamsonartist.com\/#\/schema\/person\/08bc17a6bde7a04c5afb76e1c9bc9970","name":"MarcSamson","image":{"@type":"ImageObject","@id":"https:\/\/www.marcsamsonartist.com\/#personlogo","inLanguage":"fr-FR","url":"https:\/\/secure.gravatar.com\/avatar\/53db7482c85f4df909bb59ebd8922772?s=96&d=mm&r=g","contentUrl":"https:\/\/secure.gravatar.com\/avatar\/53db7482c85f4df909bb59ebd8922772?s=96&d=mm&r=g","caption":"MarcSamson"},"url":"https:\/\/www.marcsamsonartist.com\/fr\/author\/marc-samson\/"}]}},"_links":{"self":[{"href":"https:\/\/www.marcsamsonartist.com\/fr\/wp-json\/wp\/v2\/posts\/1914"}],"collection":[{"href":"https:\/\/www.marcsamsonartist.com\/fr\/wp-json\/wp\/v2\/posts"}],"about":[{"href":"https:\/\/www.marcsamsonartist.com\/fr\/wp-json\/wp\/v2\/types\/post"}],"author":[{"embeddable":true,"href":"https:\/\/www.marcsamsonartist.com\/fr\/wp-json\/wp\/v2\/users\/3"}],"replies":[{"embeddable":true,"href":"https:\/\/www.marcsamsonartist.com\/fr\/wp-json\/wp\/v2\/comments?post=1914"}],"version-history":[{"count":3,"href":"https:\/\/www.marcsamsonartist.com\/fr\/wp-json\/wp\/v2\/posts\/1914\/revisions"}],"predecessor-version":[{"id":1918,"href":"https:\/\/www.marcsamsonartist.com\/fr\/wp-json\/wp\/v2\/posts\/1914\/revisions\/1918"}],"wp:attachment":[{"href":"https:\/\/www.marcsamsonartist.com\/fr\/wp-json\/wp\/v2\/media?parent=1914"}],"wp:term":[{"taxonomy":"category","embeddable":true,"href":"https:\/\/www.marcsamsonartist.com\/fr\/wp-json\/wp\/v2\/categories?post=1914"},{"taxonomy":"post_tag","embeddable":true,"href":"https:\/\/www.marcsamsonartist.com\/fr\/wp-json\/wp\/v2\/tags?post=1914"}],"curies":[{"name":"wp","href":"https:\/\/api.w.org\/{rel}","templated":true}]}}