{"id":1862,"date":"2020-05-27T10:32:54","date_gmt":"2020-05-27T14:32:54","guid":{"rendered":"http:\/\/www.marcsamsonartist.com\/fr\/?p=1862"},"modified":"2020-05-27T10:33:27","modified_gmt":"2020-05-27T14:33:27","slug":"le-general","status":"publish","type":"post","link":"https:\/\/www.marcsamsonartist.com\/fr\/le-general\/","title":{"rendered":"LE G\u00c9N\u00c9RAL"},"content":{"rendered":"<p><img loading=\"lazy\" class=\"alignnone size-large wp-image-1859\" src=\"http:\/\/www.marcsamsonartist.com\/wp-content\/uploads\/2020\/05\/the-general-795x1024.jpg\" alt=\"\" width=\"795\" height=\"1024\" srcset=\"https:\/\/www.marcsamsonartist.com\/wp-content\/uploads\/2020\/05\/the-general-795x1024.jpg 795w, https:\/\/www.marcsamsonartist.com\/wp-content\/uploads\/2020\/05\/the-general-233x300.jpg 233w, https:\/\/www.marcsamsonartist.com\/wp-content\/uploads\/2020\/05\/the-general-768x990.jpg 768w, https:\/\/www.marcsamsonartist.com\/wp-content\/uploads\/2020\/05\/the-general-300x387.jpg 300w\" sizes=\"(max-width: 795px) 100vw, 795px\" \/><\/p>\n<p><strong>LE G\u00c9N\u00c9RAL &#8211; 36\u201d X 48\u201d<\/strong><br \/>\nAcrylique et techniques mixtes sur toile.<\/p>\n<p>Charles De Gaulle fut sans aucun doute l\u2019un des plus influents pr\u00e9sidents de la France. On le surnommait LE G\u00c9N\u00c9RAL gr\u00e2ce \u00e0 sa politique de grandeur. Le coq comme embl\u00e8me de la France a \u00e9t\u00e9 adopt\u00e9 par ce pays lors de la r\u00e9volution fran\u00e7aise du 18\u00e8me si\u00e8cle pour sa bravoure et son courage, des qualit\u00e9s que l\u2019on pr\u00eate au G\u00e9n\u00e9ral de Gaulle.<\/p>\n","protected":false},"excerpt":{"rendered":"<p>LE G\u00c9N\u00c9RAL &#8211; 36\u201d X 48\u201d Acrylique et techniques mixtes sur toile. Charles De Gaulle fut sans aucun doute l\u2019un des plus influents pr\u00e9sidents de la France. On le surnommait LE G\u00c9N\u00c9RAL gr\u00e2ce \u00e0 sa politique de grandeur. Le coq comme embl\u00e8me de la France a \u00e9t\u00e9 adopt\u00e9 par ce pays lors de la r\u00e9volution [&hellip;]<\/p>\n","protected":false},"author":3,"featured_media":0,"comment_status":"closed","ping_status":"open","sticky":false,"template":"","format":"standard","meta":{"ngg_post_thumbnail":0},"categories":[34],"tags":[],"yoast_head":"<!-- This site is optimized with the Yoast SEO plugin v18.5.1 - https:\/\/yoast.com\/wordpress\/plugins\/seo\/ -->\n<title>LE G\u00c9N\u00c9RAL | SAMSON ARTISTE<\/title>\n<meta name=\"robots\" content=\"index, follow, max-snippet:-1, max-image-preview:large, max-video-preview:-1\" \/>\n<link rel=\"canonical\" href=\"https:\/\/www.marcsamsonartist.com\/fr\/le-general\/\" \/>\n<meta property=\"og:locale\" content=\"fr_FR\" \/>\n<meta property=\"og:type\" content=\"article\" \/>\n<meta property=\"og:title\" content=\"LE G\u00c9N\u00c9RAL | SAMSON ARTISTE\" \/>\n<meta property=\"og:description\" content=\"LE G\u00c9N\u00c9RAL &#8211; 36\u201d X 48\u201d Acrylique et techniques mixtes sur toile. Charles De Gaulle fut sans aucun doute l\u2019un des plus influents pr\u00e9sidents de la France. On le surnommait LE G\u00c9N\u00c9RAL gr\u00e2ce \u00e0 sa politique de grandeur. Le coq comme embl\u00e8me de la France a \u00e9t\u00e9 adopt\u00e9 par ce pays lors de la r\u00e9volution [&hellip;]\" \/>\n<meta property=\"og:url\" content=\"https:\/\/www.marcsamsonartist.com\/fr\/le-general\/\" \/>\n<meta property=\"og:site_name\" content=\"SAMSON ARTISTE\" \/>\n<meta property=\"article:published_time\" content=\"2020-05-27T14:32:54+00:00\" \/>\n<meta property=\"article:modified_time\" content=\"2020-05-27T14:33:27+00:00\" \/>\n<meta property=\"og:image\" content=\"http:\/\/www.marcsamsonartist.com\/wp-content\/uploads\/2020\/05\/the-general-795x1024.jpg\" \/>\n<meta name=\"twitter:card\" content=\"summary\" \/>\n<meta name=\"twitter:label1\" content=\"\u00c9crit par\" \/>\n\t<meta name=\"twitter:data1\" content=\"MarcSamson\" \/>\n<script type=\"application\/ld+json\" class=\"yoast-schema-graph\">{\"@context\":\"https:\/\/schema.org\",\"@graph\":[{\"@type\":\"WebSite\",\"@id\":\"https:\/\/www.marcsamsonartist.com\/#website\",\"url\":\"https:\/\/www.marcsamsonartist.com\/\",\"name\":\"SAMSON ARTISTE\",\"description\":\"ARTISTE QU\u00c9BECOIS DE NORTH HATLEY\",\"potentialAction\":[{\"@type\":\"SearchAction\",\"target\":{\"@type\":\"EntryPoint\",\"urlTemplate\":\"https:\/\/www.marcsamsonartist.com\/?s={search_term_string}\"},\"query-input\":\"required name=search_term_string\"}],\"inLanguage\":\"fr-FR\"},{\"@type\":\"ImageObject\",\"@id\":\"https:\/\/www.marcsamsonartist.com\/fr\/le-general\/#primaryimage\",\"inLanguage\":\"fr-FR\",\"url\":\"http:\/\/www.marcsamsonartist.com\/wp-content\/uploads\/2020\/05\/the-general-795x1024.jpg\",\"contentUrl\":\"http:\/\/www.marcsamsonartist.com\/wp-content\/uploads\/2020\/05\/the-general-795x1024.jpg\"},{\"@type\":\"WebPage\",\"@id\":\"https:\/\/www.marcsamsonartist.com\/fr\/le-general\/#webpage\",\"url\":\"https:\/\/www.marcsamsonartist.com\/fr\/le-general\/\",\"name\":\"LE G\u00c9N\u00c9RAL | SAMSON ARTISTE\",\"isPartOf\":{\"@id\":\"https:\/\/www.marcsamsonartist.com\/#website\"},\"primaryImageOfPage\":{\"@id\":\"https:\/\/www.marcsamsonartist.com\/fr\/le-general\/#primaryimage\"},\"datePublished\":\"2020-05-27T14:32:54+00:00\",\"dateModified\":\"2020-05-27T14:33:27+00:00\",\"author\":{\"@id\":\"https:\/\/www.marcsamsonartist.com\/#\/schema\/person\/08bc17a6bde7a04c5afb76e1c9bc9970\"},\"breadcrumb\":{\"@id\":\"https:\/\/www.marcsamsonartist.com\/fr\/le-general\/#breadcrumb\"},\"inLanguage\":\"fr-FR\",\"potentialAction\":[{\"@type\":\"ReadAction\",\"target\":[\"https:\/\/www.marcsamsonartist.com\/fr\/le-general\/\"]}]},{\"@type\":\"BreadcrumbList\",\"@id\":\"https:\/\/www.marcsamsonartist.com\/fr\/le-general\/#breadcrumb\",\"itemListElement\":[{\"@type\":\"ListItem\",\"position\":1,\"name\":\"Home\",\"item\":\"https:\/\/www.marcsamsonartist.com\/fr\/\"},{\"@type\":\"ListItem\",\"position\":2,\"name\":\"LE G\u00c9N\u00c9RAL\"}]},{\"@type\":\"Person\",\"@id\":\"https:\/\/www.marcsamsonartist.com\/#\/schema\/person\/08bc17a6bde7a04c5afb76e1c9bc9970\",\"name\":\"MarcSamson\",\"image\":{\"@type\":\"ImageObject\",\"@id\":\"https:\/\/www.marcsamsonartist.com\/#personlogo\",\"inLanguage\":\"fr-FR\",\"url\":\"https:\/\/secure.gravatar.com\/avatar\/53db7482c85f4df909bb59ebd8922772?s=96&d=mm&r=g\",\"contentUrl\":\"https:\/\/secure.gravatar.com\/avatar\/53db7482c85f4df909bb59ebd8922772?s=96&d=mm&r=g\",\"caption\":\"MarcSamson\"},\"url\":\"https:\/\/www.marcsamsonartist.com\/fr\/author\/marc-samson\/\"}]}<\/script>\n<!-- \/ Yoast SEO plugin. -->","yoast_head_json":{"title":"LE G\u00c9N\u00c9RAL | SAMSON ARTISTE","robots":{"index":"index","follow":"follow","max-snippet":"max-snippet:-1","max-image-preview":"max-image-preview:large","max-video-preview":"max-video-preview:-1"},"canonical":"https:\/\/www.marcsamsonartist.com\/fr\/le-general\/","og_locale":"fr_FR","og_type":"article","og_title":"LE G\u00c9N\u00c9RAL | SAMSON ARTISTE","og_description":"LE G\u00c9N\u00c9RAL &#8211; 36\u201d X 48\u201d Acrylique et techniques mixtes sur toile. Charles De Gaulle fut sans aucun doute l\u2019un des plus influents pr\u00e9sidents de la France. On le surnommait LE G\u00c9N\u00c9RAL gr\u00e2ce \u00e0 sa politique de grandeur. Le coq comme embl\u00e8me de la France a \u00e9t\u00e9 adopt\u00e9 par ce pays lors de la r\u00e9volution [&hellip;]","og_url":"https:\/\/www.marcsamsonartist.com\/fr\/le-general\/","og_site_name":"SAMSON ARTISTE","article_published_time":"2020-05-27T14:32:54+00:00","article_modified_time":"2020-05-27T14:33:27+00:00","og_image":[{"url":"http:\/\/www.marcsamsonartist.com\/wp-content\/uploads\/2020\/05\/the-general-795x1024.jpg"}],"twitter_card":"summary","twitter_misc":{"\u00c9crit par":"MarcSamson"},"schema":{"@context":"https:\/\/schema.org","@graph":[{"@type":"WebSite","@id":"https:\/\/www.marcsamsonartist.com\/#website","url":"https:\/\/www.marcsamsonartist.com\/","name":"SAMSON ARTISTE","description":"ARTISTE QU\u00c9BECOIS DE NORTH HATLEY","potentialAction":[{"@type":"SearchAction","target":{"@type":"EntryPoint","urlTemplate":"https:\/\/www.marcsamsonartist.com\/?s={search_term_string}"},"query-input":"required name=search_term_string"}],"inLanguage":"fr-FR"},{"@type":"ImageObject","@id":"https:\/\/www.marcsamsonartist.com\/fr\/le-general\/#primaryimage","inLanguage":"fr-FR","url":"http:\/\/www.marcsamsonartist.com\/wp-content\/uploads\/2020\/05\/the-general-795x1024.jpg","contentUrl":"http:\/\/www.marcsamsonartist.com\/wp-content\/uploads\/2020\/05\/the-general-795x1024.jpg"},{"@type":"WebPage","@id":"https:\/\/www.marcsamsonartist.com\/fr\/le-general\/#webpage","url":"https:\/\/www.marcsamsonartist.com\/fr\/le-general\/","name":"LE G\u00c9N\u00c9RAL | SAMSON ARTISTE","isPartOf":{"@id":"https:\/\/www.marcsamsonartist.com\/#website"},"primaryImageOfPage":{"@id":"https:\/\/www.marcsamsonartist.com\/fr\/le-general\/#primaryimage"},"datePublished":"2020-05-27T14:32:54+00:00","dateModified":"2020-05-27T14:33:27+00:00","author":{"@id":"https:\/\/www.marcsamsonartist.com\/#\/schema\/person\/08bc17a6bde7a04c5afb76e1c9bc9970"},"breadcrumb":{"@id":"https:\/\/www.marcsamsonartist.com\/fr\/le-general\/#breadcrumb"},"inLanguage":"fr-FR","potentialAction":[{"@type":"ReadAction","target":["https:\/\/www.marcsamsonartist.com\/fr\/le-general\/"]}]},{"@type":"BreadcrumbList","@id":"https:\/\/www.marcsamsonartist.com\/fr\/le-general\/#breadcrumb","itemListElement":[{"@type":"ListItem","position":1,"name":"Home","item":"https:\/\/www.marcsamsonartist.com\/fr\/"},{"@type":"ListItem","position":2,"name":"LE G\u00c9N\u00c9RAL"}]},{"@type":"Person","@id":"https:\/\/www.marcsamsonartist.com\/#\/schema\/person\/08bc17a6bde7a04c5afb76e1c9bc9970","name":"MarcSamson","image":{"@type":"ImageObject","@id":"https:\/\/www.marcsamsonartist.com\/#personlogo","inLanguage":"fr-FR","url":"https:\/\/secure.gravatar.com\/avatar\/53db7482c85f4df909bb59ebd8922772?s=96&d=mm&r=g","contentUrl":"https:\/\/secure.gravatar.com\/avatar\/53db7482c85f4df909bb59ebd8922772?s=96&d=mm&r=g","caption":"MarcSamson"},"url":"https:\/\/www.marcsamsonartist.com\/fr\/author\/marc-samson\/"}]}},"_links":{"self":[{"href":"https:\/\/www.marcsamsonartist.com\/fr\/wp-json\/wp\/v2\/posts\/1862"}],"collection":[{"href":"https:\/\/www.marcsamsonartist.com\/fr\/wp-json\/wp\/v2\/posts"}],"about":[{"href":"https:\/\/www.marcsamsonartist.com\/fr\/wp-json\/wp\/v2\/types\/post"}],"author":[{"embeddable":true,"href":"https:\/\/www.marcsamsonartist.com\/fr\/wp-json\/wp\/v2\/users\/3"}],"replies":[{"embeddable":true,"href":"https:\/\/www.marcsamsonartist.com\/fr\/wp-json\/wp\/v2\/comments?post=1862"}],"version-history":[{"count":2,"href":"https:\/\/www.marcsamsonartist.com\/fr\/wp-json\/wp\/v2\/posts\/1862\/revisions"}],"predecessor-version":[{"id":1864,"href":"https:\/\/www.marcsamsonartist.com\/fr\/wp-json\/wp\/v2\/posts\/1862\/revisions\/1864"}],"wp:attachment":[{"href":"https:\/\/www.marcsamsonartist.com\/fr\/wp-json\/wp\/v2\/media?parent=1862"}],"wp:term":[{"taxonomy":"category","embeddable":true,"href":"https:\/\/www.marcsamsonartist.com\/fr\/wp-json\/wp\/v2\/categories?post=1862"},{"taxonomy":"post_tag","embeddable":true,"href":"https:\/\/www.marcsamsonartist.com\/fr\/wp-json\/wp\/v2\/tags?post=1862"}],"curies":[{"name":"wp","href":"https:\/\/api.w.org\/{rel}","templated":true}]}}