{"id":1413,"date":"2019-09-17T09:12:50","date_gmt":"2019-09-17T13:12:50","guid":{"rendered":"http:\/\/www.marcsamsonartist.com\/fr\/?p=1413"},"modified":"2022-09-01T11:23:32","modified_gmt":"2022-09-01T15:23:32","slug":"alexander","status":"publish","type":"post","link":"https:\/\/www.marcsamsonartist.com\/fr\/alexander\/","title":{"rendered":"Alexander"},"content":{"rendered":"<p><img loading=\"lazy\" class=\"alignnone size-large wp-image-1410\" src=\"http:\/\/www.marcsamsonartist.com\/wp-content\/uploads\/2019\/09\/violin-ocm-montreal-samson-683x1024.jpg\" alt=\"\" width=\"683\" height=\"1024\" srcset=\"https:\/\/www.marcsamsonartist.com\/wp-content\/uploads\/2019\/09\/violin-ocm-montreal-samson-683x1024.jpg 683w, https:\/\/www.marcsamsonartist.com\/wp-content\/uploads\/2019\/09\/violin-ocm-montreal-samson-200x300.jpg 200w, https:\/\/www.marcsamsonartist.com\/wp-content\/uploads\/2019\/09\/violin-ocm-montreal-samson-768x1151.jpg 768w, https:\/\/www.marcsamsonartist.com\/wp-content\/uploads\/2019\/09\/violin-ocm-montreal-samson-300x450.jpg 300w\" sizes=\"(max-width: 683px) 100vw, 683px\" \/><\/p>\n<p><strong>\u201cALEXANDER\u201d &#8211; 30\u201d X 40\u201d &#8211; Acrylique et techniques mixtes sur toile.<\/strong><\/p>\n<p>Cette toile unique et haute en couleur a \u00e9t\u00e9 cr\u00e9\u00e9e pour souligner le 80\u00e8me anniversaire de l&rsquo;Orchestre Classique de Montr\u00e9al fond\u00e9e en 1939. Elle rend hommage \u00e0 son fondateur, Alexander Brott. Aujourd\u2019hui, le fils de ce dernier, Boris Brott est maintenant directeur artistique de l\u2019\u00e9tablissement.<\/p>\n<p>Entre les couches de peinture, vous rep\u00e9rez une partition sign\u00e9e du p\u00e8re (ALEXANDER) datant du 8 mars 1954. Vous trouverez aussi l\u2019ouvrage du grand compositeur Wolfgang Amadeus Mozart, \u201cPetite Musique de Nuit\u201d (Eine Kleine Nachtmusik). De plus, vous discernez le plan de la ville de Montr\u00e9al avec son campus de l\u2019Universit\u00e9 McGill, qui est \u00e0 l\u2019origine de la prestigieuse institution musicale.<\/p>\n<p>Je voudrais remercier le directeur g\u00e9n\u00e9ral, Taras Kulish et son \u00e9quipe pour m\u2019avoir fait confiance dans la r\u00e9alisation ce projet artistique que je consid\u00e8re, de grande envergure.<\/p>\n","protected":false},"excerpt":{"rendered":"<p>\u201cALEXANDER\u201d &#8211; 30\u201d X 40\u201d &#8211; Acrylique et techniques mixtes sur toile. Cette toile unique et haute en couleur a \u00e9t\u00e9 cr\u00e9\u00e9e pour souligner le 80\u00e8me anniversaire de l&rsquo;Orchestre Classique de Montr\u00e9al fond\u00e9e en 1939. Elle rend hommage \u00e0 son fondateur, Alexander Brott. Aujourd\u2019hui, le fils de ce dernier, Boris Brott est maintenant directeur artistique [&hellip;]<\/p>\n","protected":false},"author":3,"featured_media":7770,"comment_status":"closed","ping_status":"open","sticky":false,"template":"","format":"standard","meta":{"ngg_post_thumbnail":0},"categories":[80,45],"tags":[],"yoast_head":"<!-- This site is optimized with the Yoast SEO plugin v18.5.1 - https:\/\/yoast.com\/wordpress\/plugins\/seo\/ -->\n<title>Alexander | SAMSON ARTISTE<\/title>\n<meta name=\"robots\" content=\"index, follow, max-snippet:-1, max-image-preview:large, max-video-preview:-1\" \/>\n<link rel=\"canonical\" href=\"https:\/\/www.marcsamsonartist.com\/fr\/alexander\/\" \/>\n<meta property=\"og:locale\" content=\"fr_FR\" \/>\n<meta property=\"og:type\" content=\"article\" \/>\n<meta property=\"og:title\" content=\"Alexander | SAMSON ARTISTE\" \/>\n<meta property=\"og:description\" content=\"\u201cALEXANDER\u201d &#8211; 30\u201d X 40\u201d &#8211; Acrylique et techniques mixtes sur toile. Cette toile unique et haute en couleur a \u00e9t\u00e9 cr\u00e9\u00e9e pour souligner le 80\u00e8me anniversaire de l&rsquo;Orchestre Classique de Montr\u00e9al fond\u00e9e en 1939. Elle rend hommage \u00e0 son fondateur, Alexander Brott. Aujourd\u2019hui, le fils de ce dernier, Boris Brott est maintenant directeur artistique [&hellip;]\" \/>\n<meta property=\"og:url\" content=\"https:\/\/www.marcsamsonartist.com\/fr\/alexander\/\" \/>\n<meta property=\"og:site_name\" content=\"SAMSON ARTISTE\" \/>\n<meta property=\"article:published_time\" content=\"2019-09-17T13:12:50+00:00\" \/>\n<meta property=\"article:modified_time\" content=\"2022-09-01T15:23:32+00:00\" \/>\n<meta property=\"og:image\" content=\"https:\/\/www.marcsamsonartist.com\/wp-content\/uploads\/2019\/09\/violin-ocm-montreal-samson-683x1024.jpg\" \/>\n\t<meta property=\"og:image:width\" content=\"683\" \/>\n\t<meta property=\"og:image:height\" content=\"1024\" \/>\n\t<meta property=\"og:image:type\" content=\"image\/jpeg\" \/>\n<meta name=\"twitter:card\" content=\"summary\" \/>\n<meta name=\"twitter:label1\" content=\"\u00c9crit par\" \/>\n\t<meta name=\"twitter:data1\" content=\"MarcSamson\" \/>\n\t<meta name=\"twitter:label2\" content=\"Dur\u00e9e de lecture estim\u00e9e\" \/>\n\t<meta name=\"twitter:data2\" content=\"1 minute\" \/>\n<script type=\"application\/ld+json\" class=\"yoast-schema-graph\">{\"@context\":\"https:\/\/schema.org\",\"@graph\":[{\"@type\":\"WebSite\",\"@id\":\"https:\/\/www.marcsamsonartist.com\/#website\",\"url\":\"https:\/\/www.marcsamsonartist.com\/\",\"name\":\"SAMSON ARTISTE\",\"description\":\"ARTISTE QU\u00c9BECOIS DE NORTH HATLEY\",\"potentialAction\":[{\"@type\":\"SearchAction\",\"target\":{\"@type\":\"EntryPoint\",\"urlTemplate\":\"https:\/\/www.marcsamsonartist.com\/?s={search_term_string}\"},\"query-input\":\"required name=search_term_string\"}],\"inLanguage\":\"fr-FR\"},{\"@type\":\"ImageObject\",\"@id\":\"https:\/\/www.marcsamsonartist.com\/fr\/alexander\/#primaryimage\",\"inLanguage\":\"fr-FR\",\"url\":\"https:\/\/www.marcsamsonartist.com\/wp-content\/uploads\/2019\/09\/violin-ocm-montreal-samson.jpg\",\"contentUrl\":\"https:\/\/www.marcsamsonartist.com\/wp-content\/uploads\/2019\/09\/violin-ocm-montreal-samson.jpg\",\"width\":2336,\"height\":3502},{\"@type\":\"WebPage\",\"@id\":\"https:\/\/www.marcsamsonartist.com\/fr\/alexander\/#webpage\",\"url\":\"https:\/\/www.marcsamsonartist.com\/fr\/alexander\/\",\"name\":\"Alexander | SAMSON ARTISTE\",\"isPartOf\":{\"@id\":\"https:\/\/www.marcsamsonartist.com\/#website\"},\"primaryImageOfPage\":{\"@id\":\"https:\/\/www.marcsamsonartist.com\/fr\/alexander\/#primaryimage\"},\"datePublished\":\"2019-09-17T13:12:50+00:00\",\"dateModified\":\"2022-09-01T15:23:32+00:00\",\"author\":{\"@id\":\"https:\/\/www.marcsamsonartist.com\/#\/schema\/person\/08bc17a6bde7a04c5afb76e1c9bc9970\"},\"breadcrumb\":{\"@id\":\"https:\/\/www.marcsamsonartist.com\/fr\/alexander\/#breadcrumb\"},\"inLanguage\":\"fr-FR\",\"potentialAction\":[{\"@type\":\"ReadAction\",\"target\":[\"https:\/\/www.marcsamsonartist.com\/fr\/alexander\/\"]}]},{\"@type\":\"BreadcrumbList\",\"@id\":\"https:\/\/www.marcsamsonartist.com\/fr\/alexander\/#breadcrumb\",\"itemListElement\":[{\"@type\":\"ListItem\",\"position\":1,\"name\":\"Home\",\"item\":\"https:\/\/www.marcsamsonartist.com\/fr\/\"},{\"@type\":\"ListItem\",\"position\":2,\"name\":\"Alexander\"}]},{\"@type\":\"Person\",\"@id\":\"https:\/\/www.marcsamsonartist.com\/#\/schema\/person\/08bc17a6bde7a04c5afb76e1c9bc9970\",\"name\":\"MarcSamson\",\"image\":{\"@type\":\"ImageObject\",\"@id\":\"https:\/\/www.marcsamsonartist.com\/#personlogo\",\"inLanguage\":\"fr-FR\",\"url\":\"https:\/\/secure.gravatar.com\/avatar\/53db7482c85f4df909bb59ebd8922772?s=96&d=mm&r=g\",\"contentUrl\":\"https:\/\/secure.gravatar.com\/avatar\/53db7482c85f4df909bb59ebd8922772?s=96&d=mm&r=g\",\"caption\":\"MarcSamson\"},\"url\":\"https:\/\/www.marcsamsonartist.com\/fr\/author\/marc-samson\/\"}]}<\/script>\n<!-- \/ Yoast SEO plugin. -->","yoast_head_json":{"title":"Alexander | SAMSON ARTISTE","robots":{"index":"index","follow":"follow","max-snippet":"max-snippet:-1","max-image-preview":"max-image-preview:large","max-video-preview":"max-video-preview:-1"},"canonical":"https:\/\/www.marcsamsonartist.com\/fr\/alexander\/","og_locale":"fr_FR","og_type":"article","og_title":"Alexander | SAMSON ARTISTE","og_description":"\u201cALEXANDER\u201d &#8211; 30\u201d X 40\u201d &#8211; Acrylique et techniques mixtes sur toile. Cette toile unique et haute en couleur a \u00e9t\u00e9 cr\u00e9\u00e9e pour souligner le 80\u00e8me anniversaire de l&rsquo;Orchestre Classique de Montr\u00e9al fond\u00e9e en 1939. Elle rend hommage \u00e0 son fondateur, Alexander Brott. Aujourd\u2019hui, le fils de ce dernier, Boris Brott est maintenant directeur artistique [&hellip;]","og_url":"https:\/\/www.marcsamsonartist.com\/fr\/alexander\/","og_site_name":"SAMSON ARTISTE","article_published_time":"2019-09-17T13:12:50+00:00","article_modified_time":"2022-09-01T15:23:32+00:00","og_image":[{"width":683,"height":1024,"url":"https:\/\/www.marcsamsonartist.com\/wp-content\/uploads\/2019\/09\/violin-ocm-montreal-samson-683x1024.jpg","type":"image\/jpeg"}],"twitter_card":"summary","twitter_misc":{"\u00c9crit par":"MarcSamson","Dur\u00e9e de lecture estim\u00e9e":"1 minute"},"schema":{"@context":"https:\/\/schema.org","@graph":[{"@type":"WebSite","@id":"https:\/\/www.marcsamsonartist.com\/#website","url":"https:\/\/www.marcsamsonartist.com\/","name":"SAMSON ARTISTE","description":"ARTISTE QU\u00c9BECOIS DE NORTH HATLEY","potentialAction":[{"@type":"SearchAction","target":{"@type":"EntryPoint","urlTemplate":"https:\/\/www.marcsamsonartist.com\/?s={search_term_string}"},"query-input":"required name=search_term_string"}],"inLanguage":"fr-FR"},{"@type":"ImageObject","@id":"https:\/\/www.marcsamsonartist.com\/fr\/alexander\/#primaryimage","inLanguage":"fr-FR","url":"https:\/\/www.marcsamsonartist.com\/wp-content\/uploads\/2019\/09\/violin-ocm-montreal-samson.jpg","contentUrl":"https:\/\/www.marcsamsonartist.com\/wp-content\/uploads\/2019\/09\/violin-ocm-montreal-samson.jpg","width":2336,"height":3502},{"@type":"WebPage","@id":"https:\/\/www.marcsamsonartist.com\/fr\/alexander\/#webpage","url":"https:\/\/www.marcsamsonartist.com\/fr\/alexander\/","name":"Alexander | SAMSON ARTISTE","isPartOf":{"@id":"https:\/\/www.marcsamsonartist.com\/#website"},"primaryImageOfPage":{"@id":"https:\/\/www.marcsamsonartist.com\/fr\/alexander\/#primaryimage"},"datePublished":"2019-09-17T13:12:50+00:00","dateModified":"2022-09-01T15:23:32+00:00","author":{"@id":"https:\/\/www.marcsamsonartist.com\/#\/schema\/person\/08bc17a6bde7a04c5afb76e1c9bc9970"},"breadcrumb":{"@id":"https:\/\/www.marcsamsonartist.com\/fr\/alexander\/#breadcrumb"},"inLanguage":"fr-FR","potentialAction":[{"@type":"ReadAction","target":["https:\/\/www.marcsamsonartist.com\/fr\/alexander\/"]}]},{"@type":"BreadcrumbList","@id":"https:\/\/www.marcsamsonartist.com\/fr\/alexander\/#breadcrumb","itemListElement":[{"@type":"ListItem","position":1,"name":"Home","item":"https:\/\/www.marcsamsonartist.com\/fr\/"},{"@type":"ListItem","position":2,"name":"Alexander"}]},{"@type":"Person","@id":"https:\/\/www.marcsamsonartist.com\/#\/schema\/person\/08bc17a6bde7a04c5afb76e1c9bc9970","name":"MarcSamson","image":{"@type":"ImageObject","@id":"https:\/\/www.marcsamsonartist.com\/#personlogo","inLanguage":"fr-FR","url":"https:\/\/secure.gravatar.com\/avatar\/53db7482c85f4df909bb59ebd8922772?s=96&d=mm&r=g","contentUrl":"https:\/\/secure.gravatar.com\/avatar\/53db7482c85f4df909bb59ebd8922772?s=96&d=mm&r=g","caption":"MarcSamson"},"url":"https:\/\/www.marcsamsonartist.com\/fr\/author\/marc-samson\/"}]}},"_links":{"self":[{"href":"https:\/\/www.marcsamsonartist.com\/fr\/wp-json\/wp\/v2\/posts\/1413"}],"collection":[{"href":"https:\/\/www.marcsamsonartist.com\/fr\/wp-json\/wp\/v2\/posts"}],"about":[{"href":"https:\/\/www.marcsamsonartist.com\/fr\/wp-json\/wp\/v2\/types\/post"}],"author":[{"embeddable":true,"href":"https:\/\/www.marcsamsonartist.com\/fr\/wp-json\/wp\/v2\/users\/3"}],"replies":[{"embeddable":true,"href":"https:\/\/www.marcsamsonartist.com\/fr\/wp-json\/wp\/v2\/comments?post=1413"}],"version-history":[{"count":3,"href":"https:\/\/www.marcsamsonartist.com\/fr\/wp-json\/wp\/v2\/posts\/1413\/revisions"}],"predecessor-version":[{"id":7772,"href":"https:\/\/www.marcsamsonartist.com\/fr\/wp-json\/wp\/v2\/posts\/1413\/revisions\/7772"}],"wp:featuredmedia":[{"embeddable":true,"href":"https:\/\/www.marcsamsonartist.com\/fr\/wp-json\/wp\/v2\/media\/7770"}],"wp:attachment":[{"href":"https:\/\/www.marcsamsonartist.com\/fr\/wp-json\/wp\/v2\/media?parent=1413"}],"wp:term":[{"taxonomy":"category","embeddable":true,"href":"https:\/\/www.marcsamsonartist.com\/fr\/wp-json\/wp\/v2\/categories?post=1413"},{"taxonomy":"post_tag","embeddable":true,"href":"https:\/\/www.marcsamsonartist.com\/fr\/wp-json\/wp\/v2\/tags?post=1413"}],"curies":[{"name":"wp","href":"https:\/\/api.w.org\/{rel}","templated":true}]}}