{"id":1288,"date":"2019-05-08T14:21:59","date_gmt":"2019-05-08T18:21:59","guid":{"rendered":"http:\/\/www.marcsamsonartist.com\/fr\/?p=1288"},"modified":"2019-05-08T14:21:59","modified_gmt":"2019-05-08T18:21:59","slug":"emmanuel-ii","status":"publish","type":"post","link":"https:\/\/www.marcsamsonartist.com\/fr\/emmanuel-ii\/","title":{"rendered":"Emmanuel II"},"content":{"rendered":"<p><img loading=\"lazy\" class=\"alignnone size-large wp-image-1285\" src=\"http:\/\/www.marcsamsonartist.com\/wp-content\/uploads\/2019\/05\/IMG_5958-769x1024.jpeg\" alt=\"\" width=\"769\" height=\"1024\" srcset=\"https:\/\/www.marcsamsonartist.com\/wp-content\/uploads\/2019\/05\/IMG_5958-769x1024.jpeg 769w, https:\/\/www.marcsamsonartist.com\/wp-content\/uploads\/2019\/05\/IMG_5958-225x300.jpeg 225w, https:\/\/www.marcsamsonartist.com\/wp-content\/uploads\/2019\/05\/IMG_5958-768x1022.jpeg 768w, https:\/\/www.marcsamsonartist.com\/wp-content\/uploads\/2019\/05\/IMG_5958-300x399.jpeg 300w\" sizes=\"(max-width: 769px) 100vw, 769px\" \/><\/p>\n<p><strong>\u201c EMMANUEL II \u201d &#8211; 36\u2033 X 48\u2033<\/strong><\/p>\n<p><b>Le premier portrait de mon grand-p\u00e8re Emmanuel avait \u00e9t\u00e9 peint il y a une quinzaine d&rsquo;ann\u00e9es. Jadis, j\u2019avais l\u2019impression de ne pas avoir eu la chance de le conna\u00eetre avant qu\u2019il nous laisse. Cependant, j\u2019ai eu l\u2019impression que le fait de le peindre fut en quelque sorte, une th\u00e9rapie en soi. \u00a0Pour en retirer son essence, sa personnalit\u00e9, j\u2019ai d\u00fb le regarder maintes et maintes fois et, par cons\u00e9quent, apprendre \u00e0 le conna\u00eetre et m\u00eame l\u2019apprivoiser. Une fois la toile termin\u00e9e, j&rsquo;avais compris et ressenti qui il \u00e9tait et de qui je venais. La deuxi\u00e8me version d\u2019EMMANUEL est beaucoup plus expressive et spontan\u00e9e. \u00a0J\u2019ai eu beaucoup de plaisir \u00e0 cr\u00e9er mon nouveau grand-p\u00e8re \u201cr\u00e9incarn\u00e9\u201d.<\/b><\/p>\n<p>&nbsp;<\/p>\n<p><b>Note: Articles de journaux Montr\u00e9alais, tissus de ma belle-m\u00e8re, pl\u00e2tre, etc.<\/b><\/p>\n","protected":false},"excerpt":{"rendered":"<p>\u201c EMMANUEL II \u201d &#8211; 36\u2033 X 48\u2033 Le premier portrait de mon grand-p\u00e8re Emmanuel avait \u00e9t\u00e9 peint il y a une quinzaine d&rsquo;ann\u00e9es. Jadis, j\u2019avais l\u2019impression de ne pas avoir eu la chance de le conna\u00eetre avant qu\u2019il nous laisse. Cependant, j\u2019ai eu l\u2019impression que le fait de le peindre fut en quelque sorte, [&hellip;]<\/p>\n","protected":false},"author":3,"featured_media":0,"comment_status":"closed","ping_status":"open","sticky":false,"template":"","format":"standard","meta":{"ngg_post_thumbnail":0},"categories":[3],"tags":[],"yoast_head":"<!-- This site is optimized with the Yoast SEO plugin v18.5.1 - https:\/\/yoast.com\/wordpress\/plugins\/seo\/ -->\n<title>Emmanuel II | SAMSON ARTISTE<\/title>\n<meta name=\"robots\" content=\"index, follow, max-snippet:-1, max-image-preview:large, max-video-preview:-1\" \/>\n<link rel=\"canonical\" href=\"https:\/\/www.marcsamsonartist.com\/fr\/emmanuel-ii\/\" \/>\n<meta property=\"og:locale\" content=\"fr_FR\" \/>\n<meta property=\"og:type\" content=\"article\" \/>\n<meta property=\"og:title\" content=\"Emmanuel II | SAMSON ARTISTE\" \/>\n<meta property=\"og:description\" content=\"\u201c EMMANUEL II \u201d &#8211; 36\u2033 X 48\u2033 Le premier portrait de mon grand-p\u00e8re Emmanuel avait \u00e9t\u00e9 peint il y a une quinzaine d&rsquo;ann\u00e9es. Jadis, j\u2019avais l\u2019impression de ne pas avoir eu la chance de le conna\u00eetre avant qu\u2019il nous laisse. Cependant, j\u2019ai eu l\u2019impression que le fait de le peindre fut en quelque sorte, [&hellip;]\" \/>\n<meta property=\"og:url\" content=\"https:\/\/www.marcsamsonartist.com\/fr\/emmanuel-ii\/\" \/>\n<meta property=\"og:site_name\" content=\"SAMSON ARTISTE\" \/>\n<meta property=\"article:published_time\" content=\"2019-05-08T18:21:59+00:00\" \/>\n<meta property=\"og:image\" content=\"http:\/\/www.marcsamsonartist.com\/wp-content\/uploads\/2019\/05\/IMG_5958-769x1024.jpeg\" \/>\n<meta name=\"twitter:card\" content=\"summary\" \/>\n<meta name=\"twitter:label1\" content=\"\u00c9crit par\" \/>\n\t<meta name=\"twitter:data1\" content=\"MarcSamson\" \/>\n\t<meta name=\"twitter:label2\" content=\"Dur\u00e9e de lecture estim\u00e9e\" \/>\n\t<meta name=\"twitter:data2\" content=\"1 minute\" \/>\n<script type=\"application\/ld+json\" class=\"yoast-schema-graph\">{\"@context\":\"https:\/\/schema.org\",\"@graph\":[{\"@type\":\"WebSite\",\"@id\":\"https:\/\/www.marcsamsonartist.com\/#website\",\"url\":\"https:\/\/www.marcsamsonartist.com\/\",\"name\":\"SAMSON ARTISTE\",\"description\":\"ARTISTE QU\u00c9BECOIS DE NORTH HATLEY\",\"potentialAction\":[{\"@type\":\"SearchAction\",\"target\":{\"@type\":\"EntryPoint\",\"urlTemplate\":\"https:\/\/www.marcsamsonartist.com\/?s={search_term_string}\"},\"query-input\":\"required name=search_term_string\"}],\"inLanguage\":\"fr-FR\"},{\"@type\":\"ImageObject\",\"@id\":\"https:\/\/www.marcsamsonartist.com\/fr\/emmanuel-ii\/#primaryimage\",\"inLanguage\":\"fr-FR\",\"url\":\"http:\/\/www.marcsamsonartist.com\/wp-content\/uploads\/2019\/05\/IMG_5958-769x1024.jpeg\",\"contentUrl\":\"http:\/\/www.marcsamsonartist.com\/wp-content\/uploads\/2019\/05\/IMG_5958-769x1024.jpeg\"},{\"@type\":\"WebPage\",\"@id\":\"https:\/\/www.marcsamsonartist.com\/fr\/emmanuel-ii\/#webpage\",\"url\":\"https:\/\/www.marcsamsonartist.com\/fr\/emmanuel-ii\/\",\"name\":\"Emmanuel II | SAMSON ARTISTE\",\"isPartOf\":{\"@id\":\"https:\/\/www.marcsamsonartist.com\/#website\"},\"primaryImageOfPage\":{\"@id\":\"https:\/\/www.marcsamsonartist.com\/fr\/emmanuel-ii\/#primaryimage\"},\"datePublished\":\"2019-05-08T18:21:59+00:00\",\"dateModified\":\"2019-05-08T18:21:59+00:00\",\"author\":{\"@id\":\"https:\/\/www.marcsamsonartist.com\/#\/schema\/person\/08bc17a6bde7a04c5afb76e1c9bc9970\"},\"breadcrumb\":{\"@id\":\"https:\/\/www.marcsamsonartist.com\/fr\/emmanuel-ii\/#breadcrumb\"},\"inLanguage\":\"fr-FR\",\"potentialAction\":[{\"@type\":\"ReadAction\",\"target\":[\"https:\/\/www.marcsamsonartist.com\/fr\/emmanuel-ii\/\"]}]},{\"@type\":\"BreadcrumbList\",\"@id\":\"https:\/\/www.marcsamsonartist.com\/fr\/emmanuel-ii\/#breadcrumb\",\"itemListElement\":[{\"@type\":\"ListItem\",\"position\":1,\"name\":\"Home\",\"item\":\"https:\/\/www.marcsamsonartist.com\/fr\/\"},{\"@type\":\"ListItem\",\"position\":2,\"name\":\"Emmanuel II\"}]},{\"@type\":\"Person\",\"@id\":\"https:\/\/www.marcsamsonartist.com\/#\/schema\/person\/08bc17a6bde7a04c5afb76e1c9bc9970\",\"name\":\"MarcSamson\",\"image\":{\"@type\":\"ImageObject\",\"@id\":\"https:\/\/www.marcsamsonartist.com\/#personlogo\",\"inLanguage\":\"fr-FR\",\"url\":\"https:\/\/secure.gravatar.com\/avatar\/53db7482c85f4df909bb59ebd8922772?s=96&d=mm&r=g\",\"contentUrl\":\"https:\/\/secure.gravatar.com\/avatar\/53db7482c85f4df909bb59ebd8922772?s=96&d=mm&r=g\",\"caption\":\"MarcSamson\"},\"url\":\"https:\/\/www.marcsamsonartist.com\/fr\/author\/marc-samson\/\"}]}<\/script>\n<!-- \/ Yoast SEO plugin. -->","yoast_head_json":{"title":"Emmanuel II | SAMSON ARTISTE","robots":{"index":"index","follow":"follow","max-snippet":"max-snippet:-1","max-image-preview":"max-image-preview:large","max-video-preview":"max-video-preview:-1"},"canonical":"https:\/\/www.marcsamsonartist.com\/fr\/emmanuel-ii\/","og_locale":"fr_FR","og_type":"article","og_title":"Emmanuel II | SAMSON ARTISTE","og_description":"\u201c EMMANUEL II \u201d &#8211; 36\u2033 X 48\u2033 Le premier portrait de mon grand-p\u00e8re Emmanuel avait \u00e9t\u00e9 peint il y a une quinzaine d&rsquo;ann\u00e9es. Jadis, j\u2019avais l\u2019impression de ne pas avoir eu la chance de le conna\u00eetre avant qu\u2019il nous laisse. Cependant, j\u2019ai eu l\u2019impression que le fait de le peindre fut en quelque sorte, [&hellip;]","og_url":"https:\/\/www.marcsamsonartist.com\/fr\/emmanuel-ii\/","og_site_name":"SAMSON ARTISTE","article_published_time":"2019-05-08T18:21:59+00:00","og_image":[{"url":"http:\/\/www.marcsamsonartist.com\/wp-content\/uploads\/2019\/05\/IMG_5958-769x1024.jpeg"}],"twitter_card":"summary","twitter_misc":{"\u00c9crit par":"MarcSamson","Dur\u00e9e de lecture estim\u00e9e":"1 minute"},"schema":{"@context":"https:\/\/schema.org","@graph":[{"@type":"WebSite","@id":"https:\/\/www.marcsamsonartist.com\/#website","url":"https:\/\/www.marcsamsonartist.com\/","name":"SAMSON ARTISTE","description":"ARTISTE QU\u00c9BECOIS DE NORTH HATLEY","potentialAction":[{"@type":"SearchAction","target":{"@type":"EntryPoint","urlTemplate":"https:\/\/www.marcsamsonartist.com\/?s={search_term_string}"},"query-input":"required name=search_term_string"}],"inLanguage":"fr-FR"},{"@type":"ImageObject","@id":"https:\/\/www.marcsamsonartist.com\/fr\/emmanuel-ii\/#primaryimage","inLanguage":"fr-FR","url":"http:\/\/www.marcsamsonartist.com\/wp-content\/uploads\/2019\/05\/IMG_5958-769x1024.jpeg","contentUrl":"http:\/\/www.marcsamsonartist.com\/wp-content\/uploads\/2019\/05\/IMG_5958-769x1024.jpeg"},{"@type":"WebPage","@id":"https:\/\/www.marcsamsonartist.com\/fr\/emmanuel-ii\/#webpage","url":"https:\/\/www.marcsamsonartist.com\/fr\/emmanuel-ii\/","name":"Emmanuel II | SAMSON ARTISTE","isPartOf":{"@id":"https:\/\/www.marcsamsonartist.com\/#website"},"primaryImageOfPage":{"@id":"https:\/\/www.marcsamsonartist.com\/fr\/emmanuel-ii\/#primaryimage"},"datePublished":"2019-05-08T18:21:59+00:00","dateModified":"2019-05-08T18:21:59+00:00","author":{"@id":"https:\/\/www.marcsamsonartist.com\/#\/schema\/person\/08bc17a6bde7a04c5afb76e1c9bc9970"},"breadcrumb":{"@id":"https:\/\/www.marcsamsonartist.com\/fr\/emmanuel-ii\/#breadcrumb"},"inLanguage":"fr-FR","potentialAction":[{"@type":"ReadAction","target":["https:\/\/www.marcsamsonartist.com\/fr\/emmanuel-ii\/"]}]},{"@type":"BreadcrumbList","@id":"https:\/\/www.marcsamsonartist.com\/fr\/emmanuel-ii\/#breadcrumb","itemListElement":[{"@type":"ListItem","position":1,"name":"Home","item":"https:\/\/www.marcsamsonartist.com\/fr\/"},{"@type":"ListItem","position":2,"name":"Emmanuel II"}]},{"@type":"Person","@id":"https:\/\/www.marcsamsonartist.com\/#\/schema\/person\/08bc17a6bde7a04c5afb76e1c9bc9970","name":"MarcSamson","image":{"@type":"ImageObject","@id":"https:\/\/www.marcsamsonartist.com\/#personlogo","inLanguage":"fr-FR","url":"https:\/\/secure.gravatar.com\/avatar\/53db7482c85f4df909bb59ebd8922772?s=96&d=mm&r=g","contentUrl":"https:\/\/secure.gravatar.com\/avatar\/53db7482c85f4df909bb59ebd8922772?s=96&d=mm&r=g","caption":"MarcSamson"},"url":"https:\/\/www.marcsamsonartist.com\/fr\/author\/marc-samson\/"}]}},"_links":{"self":[{"href":"https:\/\/www.marcsamsonartist.com\/fr\/wp-json\/wp\/v2\/posts\/1288"}],"collection":[{"href":"https:\/\/www.marcsamsonartist.com\/fr\/wp-json\/wp\/v2\/posts"}],"about":[{"href":"https:\/\/www.marcsamsonartist.com\/fr\/wp-json\/wp\/v2\/types\/post"}],"author":[{"embeddable":true,"href":"https:\/\/www.marcsamsonartist.com\/fr\/wp-json\/wp\/v2\/users\/3"}],"replies":[{"embeddable":true,"href":"https:\/\/www.marcsamsonartist.com\/fr\/wp-json\/wp\/v2\/comments?post=1288"}],"version-history":[{"count":1,"href":"https:\/\/www.marcsamsonartist.com\/fr\/wp-json\/wp\/v2\/posts\/1288\/revisions"}],"predecessor-version":[{"id":1289,"href":"https:\/\/www.marcsamsonartist.com\/fr\/wp-json\/wp\/v2\/posts\/1288\/revisions\/1289"}],"wp:attachment":[{"href":"https:\/\/www.marcsamsonartist.com\/fr\/wp-json\/wp\/v2\/media?parent=1288"}],"wp:term":[{"taxonomy":"category","embeddable":true,"href":"https:\/\/www.marcsamsonartist.com\/fr\/wp-json\/wp\/v2\/categories?post=1288"},{"taxonomy":"post_tag","embeddable":true,"href":"https:\/\/www.marcsamsonartist.com\/fr\/wp-json\/wp\/v2\/tags?post=1288"}],"curies":[{"name":"wp","href":"https:\/\/api.w.org\/{rel}","templated":true}]}}